{"id":865,"date":"2017-02-28T07:30:07","date_gmt":"2017-02-28T10:30:07","guid":{"rendered":"http:\/\/numar.scb.org.br\/?p=865"},"modified":"2017-02-28T07:30:07","modified_gmt":"2017-02-28T10:30:07","slug":"criacionista-sugeriu-selecao-natural-antes-de-darwin","status":"publish","type":"post","link":"https:\/\/scb.org.br\/numar\/artigos\/criacionista-sugeriu-selecao-natural-antes-de-darwin\/","title":{"rendered":"Criacionista sugeriu a sele\u00e7\u00e3o natural antes de Darwin"},"content":{"rendered":"<div>\n<div id=\"attachment_866\" style=\"width: 230px\" class=\"wp-caption alignleft\"><img loading=\"lazy\" decoding=\"async\" aria-describedby=\"caption-attachment-866\" class=\"wp-image-866 size-full\" src=\"http:\/\/numar.scb.org.br\/wp-content\/uploads\/2017\/02\/Blyth.jpg\" width=\"220\" height=\"292\" \/><p id=\"caption-attachment-866\" class=\"wp-caption-text\">Edward Blyth<\/p><\/div>\n<p style=\"text-align: justify\">Ao contr\u00e1rio do que muitos pensam, os criacionistas n\u00e3o rejeitam a ideia de sele\u00e7\u00e3o natural.[1,2] Todavia, discordam dos evolucionistas a respeito da extens\u00e3o das modifica\u00e7\u00f5es que esse processo \u00e9 capaz de produzir. Normalmente, coloca-se um sinal de igualdade entre sele\u00e7\u00e3o natural e macroevolu\u00e7\u00e3o; apela-se \u00e0 primeira para justificar a \u00faltima. Os exemplos cl\u00e1ssicos de evid\u00eancias a favor evolu\u00e7\u00e3o que encontramos em livros-texto tratam de varia\u00e7\u00f5es em pequena escala, ou seja, de microevolu\u00e7\u00e3o (como mudan\u00e7as de cor, tamanho, resist\u00eancia a antibi\u00f3ticos etc). Como os pr\u00f3prios autores evolucionistas admitem, a macroevoluc\u00e3o s\u00f3 pode ser inferida a partir de extrapola\u00e7\u00e3o.[3]\n<p style=\"text-align: justify\">Pois bem, n\u00e3o \u00e9 novidade que Darwin n\u00e3o foi o primeiro a tratar da sele\u00e7\u00e3o natural. James Hutton escreveu sobre o mecanismo em 1794, William Wells em 1818 e Patrick Matthew em 1831.[4] Segundo alguns autores, at\u00e9 mesmo William Paley teria antecipado o conceito sele\u00e7\u00e3o natural, em 1803.[5] Darwin afirmava ter tomado conhecimento da contribui\u00e7\u00e3o desses autores somente ap\u00f3s a publica\u00e7\u00e3o de A Origem das Esp\u00e9cies, em 1859.[4]\n<\/div>\n<div style=\"text-align: justify\">Em 1835, Edward Blyth publicou um artigo no Magazine of Natural History [6] no qual se pode encontrar o mecanismo de sele\u00e7\u00e3o natural de forma surpreendentemente clara. Existem evid\u00eancias hist\u00f3ricas de que Darwin era um leitor do\u00a0Magazine of Natural History,[7] mas n\u00e3o se pode afirmar com certeza que ele tenha lido o trabalho de Blyth antes de elaborar sua teoria.<\/div>\n<div><\/div>\n<div style=\"text-align: justify\">Embora o termo sele\u00e7\u00e3o natural n\u00e3o seja utilizado explicitamente no artigo de Blyth, a ideia est\u00e1 indubitavelmente presente:<\/div>\n<div style=\"text-align: justify\"><\/div>\n<blockquote>\n<div style=\"text-align: justify\">\u201c\u00c9 uma lei geral da natureza para todas as criaturas a propaga\u00e7\u00e3o de sua pr\u00f3pria semelhan\u00e7a: e isso se estende \u00e0s min\u00facias mais triviais, para as mais t\u00eanues peculiaridades individuais; e assim, entre n\u00f3s mesmos, vemos a semelhan\u00e7a de uma fam\u00edlia sendo transmitida de gera\u00e7\u00e3o em gera\u00e7\u00e3o. Quando dois animais acasalam, cada um possuindo uma certa caracter\u00edstica em comum, n\u00e3o importando o qu\u00e3o trivial ela seja, existe tamb\u00e9m uma tend\u00eancia decisiva na natureza para que aquela peculiaridade se intensifique; e se a prole desses animais for separada, e se somente aqueles nos quais a mesma peculiaridade \u00e9 mais aparente forem selecionados para reprodu\u00e7\u00e3o, a pr\u00f3xima gera\u00e7\u00e3o ir\u00e1 possu\u00ed-la em um grau ainda mais not\u00e1vel; e assim por diante, at\u00e9 que a longo prazo a variedade que designei de ra\u00e7a seja formada, podendo ser muito diferente do tipo original\u201d.[6]<\/div>\n<\/blockquote>\n<div><\/div>\n<blockquote>\n<div style=\"text-align: justify\">\u201cEm um grande rebanho de gado, o touro mais forte afasta de si os indiv\u00edduos mais novos e mais fracos de seu pr\u00f3prio sexo, e permanece como o \u00fanico mestre do rebanho; de modo que todos os jovens que venham a ser produzidos tenham sua origem naquele indiv\u00edduo que possui m\u00e1xima pot\u00eancia e for\u00e7a f\u00edsica; e que, consequentemente, na batalha pela exist\u00eancia, foi o mais capaz para manter seu territ\u00f3rio, e defender-se de cada inimigo. De maneira similar, entre os animais que procuram sua comida por meio de sua agilidade, for\u00e7a, ou delicadeza dos sentidos, aquele melhor organizado deve sempre obter a maior quantidade; e deve, portanto, tornar-se o mais forte fisicamente, e assim ser habilitado, pela derrota de seus oponentes, a transmitir suas qualidades superiores a um n\u00famero maior de descendentes\u201d. [6]<\/div>\n<\/blockquote>\n<div style=\"text-align: justify\"><\/div>\n<div style=\"text-align: justify\">Contudo, Blyth n\u00e3o sustentava que a sele\u00e7\u00e3o natural seria capaz de proezas como converter um urso em uma baleia, como Darwin sugeriu na primeira edi\u00e7\u00e3o de seu livro mais famoso.[8] Blyth via esse mecanismo como um recurso que tinha por fim conservar as qualidades t\u00edpicas de uma esp\u00e9cie:<\/div>\n<div style=\"text-align: justify\"><\/div>\n<blockquote>\n<div style=\"text-align: justify\">\u201cA mesma lei, portanto, que foi designada pela Provid\u00eancia para manter as qualidades t\u00edpicas de uma esp\u00e9cie, pode ser facilmente convertida pelo homem em um meio de criar diferentes variedades; mas tamb\u00e9m est\u00e1 claro que, se o homem n\u00e3o preservar essas ra\u00e7as pelo controle do intercurso sexual, elas ir\u00e3o naturalmente retornar ao tipo original\u201d. [6]<\/div>\n<\/blockquote>\n<div style=\"text-align: justify\"><\/div>\n<div style=\"text-align: justify\">Em outras palavras, o mecanismo \u00e9 o mesmo que Darwin publicaria 24 anos mais tarde -\u00a0que tem como resultado a propaga\u00e7\u00e3o das qualidades dos indiv\u00edduos mais aptos a se reproduzir -\u00a0mas o efeito final, segundo Blyth, seria o de reestabelecer as variedades de animais aos seus tipos originais e n\u00e3o criar novas esp\u00e9cies sem limite aparente para as modifica\u00e7\u00f5es. Diga-se de passagem, n\u00e3o \u00e9 essa a posi\u00e7\u00e3o defendida pelos criacionistas de hoje. Mas o ponto em quest\u00e3o aqui \u00e9 a prioridade de Blyth sobre Darwin quanto ao mecanismo de sele\u00e7\u00e3o natural.<\/div>\n<div><\/div>\n<div style=\"text-align: justify\">Edward Blyth, ao contr\u00e1rio de Darwin, n\u00e3o tentou descrever uma natureza sem um Criador. Blyth, como tantos outros cientistas importantes (desde muito antes de seu tempo at\u00e9 os dias atuais), reconheceu a origem de tudo:<\/div>\n<div style=\"text-align: justify\"><\/div>\n<blockquote>\n<div style=\"text-align: justify\">\u201cExiste, de forma muito estranha, uma diferen\u00e7a de opini\u00e3o entre naturalistas quanto a serem essas mudan\u00e7as sazonais um des\u00edgnio da Provid\u00eancia como uma adapta\u00e7\u00e3o a\u00a0mudan\u00e7as de temperatura, ou um meio de preservar as v\u00e1rias esp\u00e9cies de seus inimigos, pela adapta\u00e7\u00e3o de sua matiz \u00e0s cores da superf\u00edcie; (...) O fato \u00e9 que elas respondem a ambos os prop\u00f3sitos; e elas est\u00e3o entre aqueles impressionantes exemplos de planejamento, que t\u00e3o claramente e fortemente atestam a exist\u00eancia de uma grandiosa e onisciente Primeira Causa\u201d. [6]<\/div>\n<\/blockquote>\n<div style=\"text-align: justify\"><\/div>\n<div style=\"text-align: justify\">Blyth pode ter errado com sua ideia de conserva\u00e7\u00e3o. Mas Darwin tamb\u00e9m errou em outros pontos e principalmente ao propor o que hoje chamamos de macroevolu\u00e7\u00e3o. Em um ambiente no qual o materialismo ganhava cada vez mais for\u00e7a, Darwin se tornou um \u00edcone mundial. Como o pr\u00f3prio Richard Dawkins admite, \u201cs\u00f3 depois de Darwin \u00e9 poss\u00edvel ser um ateu intelectualmente satisfeito\u201d.[9]\u00a0\u00a0 Edward Blyth foi praticamente lan\u00e7ado no esquecimento. Mas Algu\u00e9m certamente se lembrar\u00e1 de que ele deu ao Criador a gl\u00f3ria que lhe era devida.<\/div>\n<div><\/div>\n<div style=\"text-align: justify\">\u201cPortanto, todo aquele que me confessar diante dos homens, tamb\u00e9m eu o confessarei diante de meu Pai, que est\u00e1 nos c\u00e9us; mas aquele que me negar diante dos homens, tamb\u00e9m eu o negarei diante de meu Pai, que est\u00e1 nos c\u00e9us\u201d (Mateus 10:32,33).<\/div>\n<div style=\"text-align: justify\"><\/div>\n<div style=\"text-align: justify\"><strong>Refer\u00eancias:<\/strong><\/div>\n<div><\/div>\n<div style=\"text-align: justify\">[1]\u00a0\u00a0\u00a0\u00a0\u00a0 G. Purdom, N.T. Jeanson, Understanding Natural Selection, Answers in Genesis, Https:\/\/answersingenesis.org\/natural-Selection\/understanding-Natural-Selection\/. (2016).<\/div>\n<div style=\"text-align: justify\">[2]\u00a0\u00a0\u00a0\u00a0\u00a0 P.G. Humber, Natural Selection - A Creationist\u2019s Idea, Acts Facts. 26 (1997).<\/div>\n<div style=\"text-align: justify\">[3]\u00a0\u00a0\u00a0\u00a0\u00a0 M. Riddley, Evolu\u00e7\u00e3o, 3a. ed., Artmed, Porto Alegre, 2006.<\/div>\n<div style=\"text-align: justify\">[4]\u00a0\u00a0\u00a0\u00a0\u00a0 P.N. Pearson, In retrospect: An Investigation of the Principles of Knowledge and of the Progress of Reason, from Sense to Science and Philosophy, Nature. 425 (2003) 665\u2013665. doi:10.1038\/425665a.<\/div>\n<div style=\"text-align: justify\">[5]\u00a0\u00a0\u00a0\u00a0\u00a0 W.L. Abler, What Darwin knew, Nature. 426 (2003) 759\u2013759. doi:10.1038\/426759b.<\/div>\n<div style=\"text-align: justify\">[6]\u00a0\u00a0\u00a0\u00a0\u00a0 E. Blyth, An Attempt to Classify the \u201cVarieties\u201d of Animals, with Observations on the Marked Seasonal and Other Changes Which Naturally Take Place in Various British Species, and Which Do Not Constitute Varieties, Mag. Nat. Hist. 8 (1835) 40\u201353.<\/div>\n<div style=\"text-align: justify\">[7]\u00a0\u00a0\u00a0\u00a0\u00a0 J.E. Schwartz, Charles Darwin\u2019s Debt to Malthus and Edward Blyth, J. Hist. Biol. 7 (1974) 301\u2013318.<\/div>\n<div style=\"text-align: justify\">[8]\u00a0\u00a0\u00a0\u00a0\u00a0 C.R. Darwin, On The Origin of Species by Means of Natural Selection, or The Preservation of Favoured Races in the Strugg;e for Life, Facs\u00edmile , Harvard University Press, Cambridge, 1859.<\/div>\n<div style=\"text-align: justify\">[9]\u00a0\u00a0\u00a0\u00a0\u00a0 R. Dawkins, O Relojoeiro Cego, Companhia das Letras, S\u00e3o Paulo, 2001.<\/div>\n<div><\/div>\n<div><a href=\"http:\/\/www.origemevida.com.br\/2017\/01\/criacionista-sugeriu-selecao-natural.html\"><em>(Origem e Vida)<\/em><\/a><\/div>\n","protected":false},"excerpt":{"rendered":"<p>Ao contr\u00e1rio do que muitos pensam, os criacionistas n\u00e3o rejeitam a ideia de sele\u00e7\u00e3o natural.[1,2] Todavia, discordam dos evolucionistas a respeito da extens\u00e3o das modifica\u00e7\u00f5es que esse processo \u00e9 capaz de produzir. Normalmente, coloca-se um sinal de igualdade entre sele\u00e7\u00e3o natural e macroevolu\u00e7\u00e3o; apela-se \u00e0 primeira para justificar a \u00faltima. Os exemplos cl\u00e1ssicos de evid\u00eancias [&hellip;]<\/p>\n","protected":false},"author":752,"featured_media":913,"comment_status":"closed","ping_status":"open","sticky":false,"template":"","format":"standard","meta":{"_acf_changed":false,"om_disable_all_campaigns":false,"footnotes":""},"categories":[39],"tags":[57,124,125,126,127,128,129,44,79,130,131,111,132,82,133,134],"class_list":["post-865","post","type-post","status-publish","format-standard","has-post-thumbnail","hentry","category-artigos","tag-criacao","tag-criacionista","tag-darwin","tag-descendencia","tag-diversificacao","tag-edward-blyth","tag-especies","tag-evolucao","tag-evolucionismo","tag-evolutivo","tag-mecanismo","tag-numar-scb","tag-pioneirismo","tag-processo","tag-richard-dawkins","tag-selecao-natural"],"acf":[],"yoast_head":"<!-- This site is optimized with the Yoast SEO plugin v27.3 - https:\/\/yoast.com\/product\/yoast-seo-wordpress\/ -->\n<title>Criacionista sugeriu a sele\u00e7\u00e3o natural antes de Darwin - NUMAR-SCB<\/title>\n<meta name=\"robots\" content=\"index, follow, max-snippet:-1, max-image-preview:large, max-video-preview:-1\" \/>\n<link rel=\"canonical\" href=\"https:\/\/scb.org.br\/numar\/artigos\/criacionista-sugeriu-selecao-natural-antes-de-darwin\/\" \/>\n<meta property=\"og:locale\" content=\"pt_BR\" \/>\n<meta property=\"og:type\" content=\"article\" \/>\n<meta property=\"og:title\" content=\"Criacionista sugeriu a sele\u00e7\u00e3o natural antes de Darwin - NUMAR-SCB\" \/>\n<meta property=\"og:description\" content=\"Ao contr\u00e1rio do que muitos pensam, os criacionistas n\u00e3o rejeitam a ideia de sele\u00e7\u00e3o natural.[1,2] Todavia, discordam dos evolucionistas a respeito da extens\u00e3o das modifica\u00e7\u00f5es que esse processo \u00e9 capaz de produzir. Normalmente, coloca-se um sinal de igualdade entre sele\u00e7\u00e3o natural e macroevolu\u00e7\u00e3o; apela-se \u00e0 primeira para justificar a \u00faltima. Os exemplos cl\u00e1ssicos de evid\u00eancias [&hellip;]\" \/>\n<meta property=\"og:url\" content=\"https:\/\/scb.org.br\/numar\/artigos\/criacionista-sugeriu-selecao-natural-antes-de-darwin\/\" \/>\n<meta property=\"og:site_name\" content=\"NUMAR-SCB\" \/>\n<meta property=\"article:published_time\" content=\"2017-02-28T10:30:07+00:00\" \/>\n<meta property=\"og:image\" content=\"https:\/\/scb.org.br\/numar\/wp-content\/uploads\/sites\/6\/2017\/02\/WhatsApp-Image-2017-02-23-at-00.41.06-1.jpeg\" \/>\n\t<meta property=\"og:image:width\" content=\"1201\" \/>\n\t<meta property=\"og:image:height\" content=\"511\" \/>\n\t<meta property=\"og:image:type\" content=\"image\/jpeg\" \/>\n<meta name=\"author\" content=\"rodrigomeneg\" \/>\n<meta name=\"twitter:card\" content=\"summary_large_image\" \/>\n<meta name=\"twitter:label1\" content=\"Escrito por\" \/>\n\t<meta name=\"twitter:data1\" content=\"rodrigomeneg\" \/>\n\t<meta name=\"twitter:label2\" content=\"Est. tempo de leitura\" \/>\n\t<meta name=\"twitter:data2\" content=\"6 minutos\" \/>\n<script type=\"application\/ld+json\" class=\"yoast-schema-graph\">{\"@context\":\"https:\\\/\\\/schema.org\",\"@graph\":[{\"@type\":\"Article\",\"@id\":\"https:\\\/\\\/scb.org.br\\\/numar\\\/artigos\\\/criacionista-sugeriu-selecao-natural-antes-de-darwin\\\/#article\",\"isPartOf\":{\"@id\":\"https:\\\/\\\/scb.org.br\\\/numar\\\/artigos\\\/criacionista-sugeriu-selecao-natural-antes-de-darwin\\\/\"},\"author\":{\"name\":\"rodrigomeneg\",\"@id\":\"https:\\\/\\\/scb.org.br\\\/numar\\\/#\\\/schema\\\/person\\\/f5dafd81352fefe4516b50f34bd60f0b\"},\"headline\":\"Criacionista sugeriu a sele\u00e7\u00e3o natural antes de Darwin\",\"datePublished\":\"2017-02-28T10:30:07+00:00\",\"mainEntityOfPage\":{\"@id\":\"https:\\\/\\\/scb.org.br\\\/numar\\\/artigos\\\/criacionista-sugeriu-selecao-natural-antes-de-darwin\\\/\"},\"wordCount\":1239,\"publisher\":{\"@id\":\"https:\\\/\\\/scb.org.br\\\/numar\\\/#organization\"},\"image\":{\"@id\":\"https:\\\/\\\/scb.org.br\\\/numar\\\/artigos\\\/criacionista-sugeriu-selecao-natural-antes-de-darwin\\\/#primaryimage\"},\"thumbnailUrl\":\"https:\\\/\\\/scb.org.br\\\/numar\\\/wp-content\\\/uploads\\\/sites\\\/6\\\/2017\\\/02\\\/WhatsApp-Image-2017-02-23-at-00.41.06-1.jpeg\",\"keywords\":[\"cria\u00e7\u00e3o\",\"criacionista\",\"Darwin\",\"descend\u00eancia\",\"diversifica\u00e7\u00e3o\",\"Edward Blyth\",\"esp\u00e9cies\",\"evolu\u00e7\u00e3o\",\"evolucionismo\",\"evolutivo\",\"mecanismo\",\"NUMAR-SCB\",\"pioneirismo\",\"processo\",\"Richard Dawkins\",\"sele\u00e7\u00e3o natural\"],\"articleSection\":[\"Artigos\"],\"inLanguage\":\"pt-BR\"},{\"@type\":\"WebPage\",\"@id\":\"https:\\\/\\\/scb.org.br\\\/numar\\\/artigos\\\/criacionista-sugeriu-selecao-natural-antes-de-darwin\\\/\",\"url\":\"https:\\\/\\\/scb.org.br\\\/numar\\\/artigos\\\/criacionista-sugeriu-selecao-natural-antes-de-darwin\\\/\",\"name\":\"Criacionista sugeriu a sele\u00e7\u00e3o natural antes de Darwin - NUMAR-SCB\",\"isPartOf\":{\"@id\":\"https:\\\/\\\/scb.org.br\\\/numar\\\/#website\"},\"primaryImageOfPage\":{\"@id\":\"https:\\\/\\\/scb.org.br\\\/numar\\\/artigos\\\/criacionista-sugeriu-selecao-natural-antes-de-darwin\\\/#primaryimage\"},\"image\":{\"@id\":\"https:\\\/\\\/scb.org.br\\\/numar\\\/artigos\\\/criacionista-sugeriu-selecao-natural-antes-de-darwin\\\/#primaryimage\"},\"thumbnailUrl\":\"https:\\\/\\\/scb.org.br\\\/numar\\\/wp-content\\\/uploads\\\/sites\\\/6\\\/2017\\\/02\\\/WhatsApp-Image-2017-02-23-at-00.41.06-1.jpeg\",\"datePublished\":\"2017-02-28T10:30:07+00:00\",\"breadcrumb\":{\"@id\":\"https:\\\/\\\/scb.org.br\\\/numar\\\/artigos\\\/criacionista-sugeriu-selecao-natural-antes-de-darwin\\\/#breadcrumb\"},\"inLanguage\":\"pt-BR\",\"potentialAction\":[{\"@type\":\"ReadAction\",\"target\":[\"https:\\\/\\\/scb.org.br\\\/numar\\\/artigos\\\/criacionista-sugeriu-selecao-natural-antes-de-darwin\\\/\"]}]},{\"@type\":\"ImageObject\",\"inLanguage\":\"pt-BR\",\"@id\":\"https:\\\/\\\/scb.org.br\\\/numar\\\/artigos\\\/criacionista-sugeriu-selecao-natural-antes-de-darwin\\\/#primaryimage\",\"url\":\"https:\\\/\\\/scb.org.br\\\/numar\\\/wp-content\\\/uploads\\\/sites\\\/6\\\/2017\\\/02\\\/WhatsApp-Image-2017-02-23-at-00.41.06-1.jpeg\",\"contentUrl\":\"https:\\\/\\\/scb.org.br\\\/numar\\\/wp-content\\\/uploads\\\/sites\\\/6\\\/2017\\\/02\\\/WhatsApp-Image-2017-02-23-at-00.41.06-1.jpeg\",\"width\":1201,\"height\":511},{\"@type\":\"BreadcrumbList\",\"@id\":\"https:\\\/\\\/scb.org.br\\\/numar\\\/artigos\\\/criacionista-sugeriu-selecao-natural-antes-de-darwin\\\/#breadcrumb\",\"itemListElement\":[{\"@type\":\"ListItem\",\"position\":1,\"name\":\"P\u00e1gina Inicial\",\"item\":\"https:\\\/\\\/scb.org.br\\\/numar\\\/\"},{\"@type\":\"ListItem\",\"position\":2,\"name\":\"Criacionista sugeriu a sele\u00e7\u00e3o natural antes de Darwin\"}]},{\"@type\":\"WebSite\",\"@id\":\"https:\\\/\\\/scb.org.br\\\/numar\\\/#website\",\"url\":\"https:\\\/\\\/scb.org.br\\\/numar\\\/\",\"name\":\"NUMAR-SCB\",\"description\":\"N\u00facleo Maringaense da Sociedade Criacionista Brasileira\",\"publisher\":{\"@id\":\"https:\\\/\\\/scb.org.br\\\/numar\\\/#organization\"},\"potentialAction\":[{\"@type\":\"SearchAction\",\"target\":{\"@type\":\"EntryPoint\",\"urlTemplate\":\"https:\\\/\\\/scb.org.br\\\/numar\\\/?s={search_term_string}\"},\"query-input\":{\"@type\":\"PropertyValueSpecification\",\"valueRequired\":true,\"valueName\":\"search_term_string\"}}],\"inLanguage\":\"pt-BR\"},{\"@type\":\"Organization\",\"@id\":\"https:\\\/\\\/scb.org.br\\\/numar\\\/#organization\",\"name\":\"NUMAR-SCB - N\u00facleo Maringaense da Sociedade Criacionista Brasileira\",\"url\":\"https:\\\/\\\/scb.org.br\\\/numar\\\/\",\"logo\":{\"@type\":\"ImageObject\",\"inLanguage\":\"pt-BR\",\"@id\":\"https:\\\/\\\/scb.org.br\\\/numar\\\/#\\\/schema\\\/logo\\\/image\\\/\",\"url\":\"https:\\\/\\\/scb.org.br\\\/numar\\\/wp-content\\\/uploads\\\/sites\\\/6\\\/2020\\\/05\\\/logo-1.png\",\"contentUrl\":\"https:\\\/\\\/scb.org.br\\\/numar\\\/wp-content\\\/uploads\\\/sites\\\/6\\\/2020\\\/05\\\/logo-1.png\",\"width\":248,\"height\":263,\"caption\":\"NUMAR-SCB - N\u00facleo Maringaense da Sociedade Criacionista Brasileira\"},\"image\":{\"@id\":\"https:\\\/\\\/scb.org.br\\\/numar\\\/#\\\/schema\\\/logo\\\/image\\\/\"}},{\"@type\":\"Person\",\"@id\":\"https:\\\/\\\/scb.org.br\\\/numar\\\/#\\\/schema\\\/person\\\/f5dafd81352fefe4516b50f34bd60f0b\",\"name\":\"rodrigomeneg\",\"image\":{\"@type\":\"ImageObject\",\"inLanguage\":\"pt-BR\",\"@id\":\"https:\\\/\\\/secure.gravatar.com\\\/avatar\\\/2370e980b8efc2a324b94286375847fec864099765dfb31ecc9a10fbdc05dc3f?s=96&d=mm&r=g20bd0d94c14a2daad3869ca9101ce3c0\",\"url\":\"https:\\\/\\\/secure.gravatar.com\\\/avatar\\\/2370e980b8efc2a324b94286375847fec864099765dfb31ecc9a10fbdc05dc3f?s=96&d=mm&r=g\",\"contentUrl\":\"https:\\\/\\\/secure.gravatar.com\\\/avatar\\\/2370e980b8efc2a324b94286375847fec864099765dfb31ecc9a10fbdc05dc3f?s=96&d=mm&r=g\",\"caption\":\"rodrigomeneg\"}}]}<\/script>\n<!-- \/ Yoast SEO plugin. -->","yoast_head_json":{"title":"Criacionista sugeriu a sele\u00e7\u00e3o natural antes de Darwin - NUMAR-SCB","robots":{"index":"index","follow":"follow","max-snippet":"max-snippet:-1","max-image-preview":"max-image-preview:large","max-video-preview":"max-video-preview:-1"},"canonical":"https:\/\/scb.org.br\/numar\/artigos\/criacionista-sugeriu-selecao-natural-antes-de-darwin\/","og_locale":"pt_BR","og_type":"article","og_title":"Criacionista sugeriu a sele\u00e7\u00e3o natural antes de Darwin - NUMAR-SCB","og_description":"Ao contr\u00e1rio do que muitos pensam, os criacionistas n\u00e3o rejeitam a ideia de sele\u00e7\u00e3o natural.[1,2] Todavia, discordam dos evolucionistas a respeito da extens\u00e3o das modifica\u00e7\u00f5es que esse processo \u00e9 capaz de produzir. Normalmente, coloca-se um sinal de igualdade entre sele\u00e7\u00e3o natural e macroevolu\u00e7\u00e3o; apela-se \u00e0 primeira para justificar a \u00faltima. Os exemplos cl\u00e1ssicos de evid\u00eancias [&hellip;]","og_url":"https:\/\/scb.org.br\/numar\/artigos\/criacionista-sugeriu-selecao-natural-antes-de-darwin\/","og_site_name":"NUMAR-SCB","article_published_time":"2017-02-28T10:30:07+00:00","og_image":[{"width":1201,"height":511,"url":"https:\/\/scb.org.br\/numar\/wp-content\/uploads\/sites\/6\/2017\/02\/WhatsApp-Image-2017-02-23-at-00.41.06-1.jpeg","type":"image\/jpeg"}],"author":"rodrigomeneg","twitter_card":"summary_large_image","twitter_misc":{"Escrito por":"rodrigomeneg","Est. tempo de leitura":"6 minutos"},"schema":{"@context":"https:\/\/schema.org","@graph":[{"@type":"Article","@id":"https:\/\/scb.org.br\/numar\/artigos\/criacionista-sugeriu-selecao-natural-antes-de-darwin\/#article","isPartOf":{"@id":"https:\/\/scb.org.br\/numar\/artigos\/criacionista-sugeriu-selecao-natural-antes-de-darwin\/"},"author":{"name":"rodrigomeneg","@id":"https:\/\/scb.org.br\/numar\/#\/schema\/person\/f5dafd81352fefe4516b50f34bd60f0b"},"headline":"Criacionista sugeriu a sele\u00e7\u00e3o natural antes de Darwin","datePublished":"2017-02-28T10:30:07+00:00","mainEntityOfPage":{"@id":"https:\/\/scb.org.br\/numar\/artigos\/criacionista-sugeriu-selecao-natural-antes-de-darwin\/"},"wordCount":1239,"publisher":{"@id":"https:\/\/scb.org.br\/numar\/#organization"},"image":{"@id":"https:\/\/scb.org.br\/numar\/artigos\/criacionista-sugeriu-selecao-natural-antes-de-darwin\/#primaryimage"},"thumbnailUrl":"https:\/\/scb.org.br\/numar\/wp-content\/uploads\/sites\/6\/2017\/02\/WhatsApp-Image-2017-02-23-at-00.41.06-1.jpeg","keywords":["cria\u00e7\u00e3o","criacionista","Darwin","descend\u00eancia","diversifica\u00e7\u00e3o","Edward Blyth","esp\u00e9cies","evolu\u00e7\u00e3o","evolucionismo","evolutivo","mecanismo","NUMAR-SCB","pioneirismo","processo","Richard Dawkins","sele\u00e7\u00e3o natural"],"articleSection":["Artigos"],"inLanguage":"pt-BR"},{"@type":"WebPage","@id":"https:\/\/scb.org.br\/numar\/artigos\/criacionista-sugeriu-selecao-natural-antes-de-darwin\/","url":"https:\/\/scb.org.br\/numar\/artigos\/criacionista-sugeriu-selecao-natural-antes-de-darwin\/","name":"Criacionista sugeriu a sele\u00e7\u00e3o natural antes de Darwin - NUMAR-SCB","isPartOf":{"@id":"https:\/\/scb.org.br\/numar\/#website"},"primaryImageOfPage":{"@id":"https:\/\/scb.org.br\/numar\/artigos\/criacionista-sugeriu-selecao-natural-antes-de-darwin\/#primaryimage"},"image":{"@id":"https:\/\/scb.org.br\/numar\/artigos\/criacionista-sugeriu-selecao-natural-antes-de-darwin\/#primaryimage"},"thumbnailUrl":"https:\/\/scb.org.br\/numar\/wp-content\/uploads\/sites\/6\/2017\/02\/WhatsApp-Image-2017-02-23-at-00.41.06-1.jpeg","datePublished":"2017-02-28T10:30:07+00:00","breadcrumb":{"@id":"https:\/\/scb.org.br\/numar\/artigos\/criacionista-sugeriu-selecao-natural-antes-de-darwin\/#breadcrumb"},"inLanguage":"pt-BR","potentialAction":[{"@type":"ReadAction","target":["https:\/\/scb.org.br\/numar\/artigos\/criacionista-sugeriu-selecao-natural-antes-de-darwin\/"]}]},{"@type":"ImageObject","inLanguage":"pt-BR","@id":"https:\/\/scb.org.br\/numar\/artigos\/criacionista-sugeriu-selecao-natural-antes-de-darwin\/#primaryimage","url":"https:\/\/scb.org.br\/numar\/wp-content\/uploads\/sites\/6\/2017\/02\/WhatsApp-Image-2017-02-23-at-00.41.06-1.jpeg","contentUrl":"https:\/\/scb.org.br\/numar\/wp-content\/uploads\/sites\/6\/2017\/02\/WhatsApp-Image-2017-02-23-at-00.41.06-1.jpeg","width":1201,"height":511},{"@type":"BreadcrumbList","@id":"https:\/\/scb.org.br\/numar\/artigos\/criacionista-sugeriu-selecao-natural-antes-de-darwin\/#breadcrumb","itemListElement":[{"@type":"ListItem","position":1,"name":"P\u00e1gina Inicial","item":"https:\/\/scb.org.br\/numar\/"},{"@type":"ListItem","position":2,"name":"Criacionista sugeriu a sele\u00e7\u00e3o natural antes de Darwin"}]},{"@type":"WebSite","@id":"https:\/\/scb.org.br\/numar\/#website","url":"https:\/\/scb.org.br\/numar\/","name":"NUMAR-SCB","description":"N\u00facleo Maringaense da Sociedade Criacionista Brasileira","publisher":{"@id":"https:\/\/scb.org.br\/numar\/#organization"},"potentialAction":[{"@type":"SearchAction","target":{"@type":"EntryPoint","urlTemplate":"https:\/\/scb.org.br\/numar\/?s={search_term_string}"},"query-input":{"@type":"PropertyValueSpecification","valueRequired":true,"valueName":"search_term_string"}}],"inLanguage":"pt-BR"},{"@type":"Organization","@id":"https:\/\/scb.org.br\/numar\/#organization","name":"NUMAR-SCB - N\u00facleo Maringaense da Sociedade Criacionista Brasileira","url":"https:\/\/scb.org.br\/numar\/","logo":{"@type":"ImageObject","inLanguage":"pt-BR","@id":"https:\/\/scb.org.br\/numar\/#\/schema\/logo\/image\/","url":"https:\/\/scb.org.br\/numar\/wp-content\/uploads\/sites\/6\/2020\/05\/logo-1.png","contentUrl":"https:\/\/scb.org.br\/numar\/wp-content\/uploads\/sites\/6\/2020\/05\/logo-1.png","width":248,"height":263,"caption":"NUMAR-SCB - N\u00facleo Maringaense da Sociedade Criacionista Brasileira"},"image":{"@id":"https:\/\/scb.org.br\/numar\/#\/schema\/logo\/image\/"}},{"@type":"Person","@id":"https:\/\/scb.org.br\/numar\/#\/schema\/person\/f5dafd81352fefe4516b50f34bd60f0b","name":"rodrigomeneg","image":{"@type":"ImageObject","inLanguage":"pt-BR","@id":"https:\/\/secure.gravatar.com\/avatar\/2370e980b8efc2a324b94286375847fec864099765dfb31ecc9a10fbdc05dc3f?s=96&d=mm&r=g20bd0d94c14a2daad3869ca9101ce3c0","url":"https:\/\/secure.gravatar.com\/avatar\/2370e980b8efc2a324b94286375847fec864099765dfb31ecc9a10fbdc05dc3f?s=96&d=mm&r=g","contentUrl":"https:\/\/secure.gravatar.com\/avatar\/2370e980b8efc2a324b94286375847fec864099765dfb31ecc9a10fbdc05dc3f?s=96&d=mm&r=g","caption":"rodrigomeneg"}}]}},"authors":[],"_links":{"self":[{"href":"https:\/\/scb.org.br\/numar\/wp-json\/wp\/v2\/posts\/865","targetHints":{"allow":["GET"]}}],"collection":[{"href":"https:\/\/scb.org.br\/numar\/wp-json\/wp\/v2\/posts"}],"about":[{"href":"https:\/\/scb.org.br\/numar\/wp-json\/wp\/v2\/types\/post"}],"author":[{"embeddable":true,"href":"https:\/\/scb.org.br\/numar\/wp-json\/wp\/v2\/users\/752"}],"replies":[{"embeddable":true,"href":"https:\/\/scb.org.br\/numar\/wp-json\/wp\/v2\/comments?post=865"}],"version-history":[{"count":0,"href":"https:\/\/scb.org.br\/numar\/wp-json\/wp\/v2\/posts\/865\/revisions"}],"wp:featuredmedia":[{"embeddable":true,"href":"https:\/\/scb.org.br\/numar\/wp-json\/wp\/v2\/media\/913"}],"wp:attachment":[{"href":"https:\/\/scb.org.br\/numar\/wp-json\/wp\/v2\/media?parent=865"}],"wp:term":[{"taxonomy":"category","embeddable":true,"href":"https:\/\/scb.org.br\/numar\/wp-json\/wp\/v2\/categories?post=865"},{"taxonomy":"post_tag","embeddable":true,"href":"https:\/\/scb.org.br\/numar\/wp-json\/wp\/v2\/tags?post=865"}],"curies":[{"name":"wp","href":"https:\/\/api.w.org\/{rel}","templated":true}]}}