{"id":859,"date":"2017-02-22T07:51:03","date_gmt":"2017-02-22T10:51:03","guid":{"rendered":"http:\/\/numar.scb.org.br\/?p=859"},"modified":"2017-02-22T07:51:03","modified_gmt":"2017-02-22T10:51:03","slug":"pakicetus-uma-baleia-com-pernas","status":"publish","type":"post","link":"https:\/\/scb.org.br\/numar\/artigos\/pakicetus-uma-baleia-com-pernas\/","title":{"rendered":"Pakicetus, uma baleia com pernas?"},"content":{"rendered":"<div>\n<div id=\"attachment_861\" style=\"width: 235px\" class=\"wp-caption alignleft\"><img loading=\"lazy\" decoding=\"async\" aria-describedby=\"caption-attachment-861\" class=\"wp-image-861 size-medium\" src=\"http:\/\/numar.scb.org.br\/wp-content\/uploads\/2017\/02\/pakicetus-225x300.png\" width=\"225\" height=\"300\" \/><p id=\"caption-attachment-861\" class=\"wp-caption-text\">A baleia fake da <em>Science<\/em><\/p><\/div>\n<p style=\"text-align: justify\">\u201cEstivemos ansiosamente antecipando alguma descoberta desse tipo, mas n\u00e3o est\u00e1vamos preparados para uma evid\u00eancia t\u00e3o convincente da estreita rela\u00e7\u00e3o faunal entre a \u00c1sia oriental e a Am\u00e9rica do Norte ocidental tal como \u00e9 revelado por esse diminuto esp\u00e9cime.\u201d[1] Essas palavras aparecem logo na quinta linha do artigo publicado por Henry F. Osborn em 1922 na revista Science, no qual ele descreve o famoso homem de Nebraska. A evid\u00eancia t\u00e3o convincente \u00e0 qual ele se referia era um dente de cerca de 1 cm. Apenas isso. No artigo, Osborn discute detalhadamente as caracter\u00edsticas do dente que o levaram a concluir que ele havia pertencido a um ancestral do homem. Em 1927, a Science se viu obrigada a publicar uma retrata\u00e7\u00e3o com o t\u00edtulo \u201cHesperopithecus apparently not an ape nor a man\u201d (Hesperopithecus, aparentemente nem macaco nem homem).[2] O restante do esqueleto ao qual pertencia o dente havia sido encontrado. Tratava-se de um javali extinto!<\/p>\n<p style=\"text-align: justify\">\n<\/div>\n<div style=\"text-align: justify\"><\/div>\n<div style=\"text-align: justify\">Mas a ci\u00eancia vive de erros e acertos e, naturalmente, o tipo de abordagem que levou ao homem de Nebraska seria revisto no futuro para que n\u00e3o se repetisse tamanho vexame. Certo? Errado. As baleias que o digam.<\/div>\n<div style=\"text-align: justify\"><\/div>\n<div style=\"text-align: justify\"><\/div>\n<div style=\"text-align: justify\">A capa da edi\u00e7\u00e3o de 22 de abril de 1983 da Science, 61 anos depois da publica\u00e7\u00e3o do homem de Nebraska, estampava um animal meio mam\u00edfero terrestre, meio baleia.[3] Na ilustra\u00e7\u00e3o, o animal sa\u00eda da margem de uma praia e mergulhava para buscar comida na \u00e1gua. Tratava-se do Pakicetus, nome dado \u00e0 estranha criatura encontrada no Paquist\u00e3o.<\/div>\n<div style=\"text-align: justify\"><\/div>\n<div style=\"text-align: justify\"><\/div>\n<div style=\"text-align: justify\">O Dr. Philip D. Gingerish, lider da pesquisa que apresentou o Pakicetus \u00e0 comunidade cient\u00edfica, declarou na \u00e9poca que \u201co Pakicetus e outros cet\u00e1ceos do in\u00edcio do Eoceno representam um est\u00e1gio anf\u00edbio na transi\u00e7\u00e3o evolucion\u00e1ria gradual das baleias primitivas da terra para o mar.\u201d [3] Mas o que era realmente conhecido a respeito do Pakicetus? Apenas fragmentos dos ossos do cr\u00e2nio. A partir deles, todo o cr\u00e2nio foi reconstru\u00eddo e nele foram adicionadas caracter\u00edsticas que n\u00e3o podiam ser deduzidas apenas com base nos fragmentes. Sup\u00f4s-se que o Pakicetus possu\u00edsse olhos nas laterais da cabe\u00e7a, como as baleias, e um respirador no topo do focinho. Esse respirador estaria a meio caminho da posi\u00e7\u00e3o dos respiradores das baleias modernas. Sup\u00f4s-se, ainda, que o Pakicetus possu\u00edsse nadadeiras, que n\u00e3o tivesse um pesco\u00e7o vis\u00edvel (como nas baleias) e que podia tanto caminhar em terra como nadar no mar, como as baleias.<\/div>\n<div style=\"text-align: justify\"><\/div>\n<div style=\"text-align: justify\">18 anos depois de o Dr. Gingerich ter encontrado os fragmentos do cr\u00e2nio do Pakicetus, outros 4 cr\u00e2nios parciais e 150 ossos de Pakicetus foram descobertos, permitindo que os cientistas construissem um esqueleto quase completo.[4]\u00a0Com base nas novas descobertas, p\u00f4de-se concluir que o Pakicetus n\u00e3o se assemelhava nada com o animal que estampou a capa da Science em 1983. Ele na verdade possu\u00eda um nariz na extremidade do focinho, n\u00e3o um respirador de baleia, p\u00e9s preparados para correr (n\u00e3o nadadeiras), pesco\u00e7o longo e vis\u00edvel (n\u00e3o ausente, como nas baleias) e olhos no topo da cabe\u00e7a (n\u00e3o nas laterais). N\u00e3o seria um exagero chamar o Pakicetus de a \u201cbaleia de Nebraska\u201d.<\/div>\n<div style=\"text-align: justify\"><\/div>\n<div style=\"text-align: justify\"><\/div>\n<div>\n<div style=\"text-align: justify\">Mesmo assim, nos dias de h<img loading=\"lazy\" decoding=\"async\" class=\"size-medium wp-image-863 alignleft\" src=\"http:\/\/numar.scb.org.br\/wp-content\/uploads\/2017\/02\/bula-300x150.png\" alt=\"\" width=\"300\" height=\"150\" \/>oje ainda se insiste em que o Pakicetus esteja na linha de ancestralidade dos cet\u00e1ceos modernos com base em caracter\u00edsticas como uma suposta semelhan\u00e7a entre suas bulas auditivas. Os cet\u00e1ceos modernos possuem uma estrutura chamada de processo sigmoide, algo similar a um polegar estendido. Segundo o Dr. Zhe-Xi Luo, especialista em evolu\u00e7\u00e3o de mam\u00edferos, o Pakicetus n\u00e3o possu\u00eda um processo sigmoide na bula auditiva, mas simplesmente uma placa plana. Placas como essa s\u00e3o encontradas em mam\u00edferos terrestres.[5] \u00a0Observe a figura ao lado e tire suas pr\u00f3prias conclus\u00f5es.<\/div>\n<div style=\"text-align: justify\"><\/div>\n<div style=\"text-align: justify\">A hist\u00f3ria toda de como esse animal acabou sendo chamado de baleia \u00e9 um exemplo muito interessante de como a vis\u00e3o de mundo de um cientista possui um peso decisivo em suas interpreta\u00e7\u00f5es, especialmente quando tentamos reconstruir a hist\u00f3ria de um passado do qual sobraram apenas alguns vest\u00edgios.\u00a0Os fragmentos de cr\u00e2nio encontrados pelo Dr. Gingerinsh constituem os dados experimentais dos quais ele dispunha. O significado que ele atribuiu \u00e0queles fragmentos foi pura interpreta\u00e7\u00e3o baseada em sua vis\u00e3o de mundo evolucionista.<\/div>\n<div style=\"text-align: justify\"><\/div>\n<div style=\"text-align: justify\">A m\u00eddia cientifica muito frequentemente nos apresenta os dados f\u00f3sseis e sua interpreta\u00e7\u00e3o evolucionista como um conjunto indissoci\u00e1vel. Extrapola\u00e7\u00f5es e infer\u00eancias s\u00e3o apresentadas como fatos incontest\u00e1veis e procura-se lan\u00e7ar ao rid\u00edculo aqueles que se atrevem a olhar para os mesmos dados com uma vis\u00e3o de mundo diferente. \u00c9 preciso ter isso em mente quando nos forem apresentados os pr\u00f3ximos homens-macaco\u00a0e baleias com pernas.<\/div>\n<\/div>\n<div>\n<div>\n<div id=\"attachment_862\" style=\"width: 310px\" class=\"wp-caption aligncenter\"><img loading=\"lazy\" decoding=\"async\" aria-describedby=\"caption-attachment-862\" class=\"wp-image-862 size-medium\" src=\"http:\/\/numar.scb.org.br\/wp-content\/uploads\/2017\/02\/pakicetus2-300x127.jpg\" width=\"300\" height=\"127\" \/><p id=\"caption-attachment-862\" class=\"wp-caption-text\">Concep\u00e7\u00e3o art\u00edstica atual do Pakicetus<\/p><\/div>\n<\/div>\n<\/div>\n<div><\/div>\n<div><a href=\"http:\/\/www.origemevida.com.br\/2017\/01\/pakicetus-uma-baleia-com-pernas.html\"><em>(Origem e Vida)<\/em><\/a><\/div>\n<div><\/div>\n<div><strong>Refer\u00eancias:<\/strong><\/div>\n<div>[1]\u00a0\u00a0\u00a0 H.F. Osborn, Hesperopithecus, the first anthropoid primate found in America, Science, 55 (1922) 463\u2013465. doi:10.1126\/science.55.1427.463.<\/div>\n<div>\n<div>[2]\u00a0\u00a0\u00a0 W.K. Gregory, Hesperopithecus apparently not an ape nor a man, Science, 66 (1927) 579\u2013581. doi:10.1126\/science.66.1720.579.<\/div>\n<div>[3]\u00a0\u00a0\u00a0 P.D. Gingerich, N.A. Wells, D.E. Russell, S.M.I. Shah, Origin of Whales in Epicontinental Remnant Seas: New Evidence from the Early Eocene of Pakistan, Science, 220 (1983) 403\u2013406. doi:10.1126\/science.220.4595.403.<\/div>\n<div>[4]\u00a0\u00a0\u00a0 J.G.M. Thewissen, E.M. Williams, L.J. Roe, S.T. Hussain, Skeletons of terrestrial cetaceans and the relationship of whales to artiodactyls, Nature. 413 (2001) 277\u2013281. doi:10.1038\/35095005.<\/div>\n<div>[5] \u00a0 C. Werner, Evolution: The Grand Experiment Vol. 1, 3rd ed., New Leaf Press, 2014.<\/div>\n<\/div>\n<div><\/div>\n<div><\/div>\n","protected":false},"excerpt":{"rendered":"<p>\u201cEstivemos ansiosamente antecipando alguma descoberta desse tipo, mas n\u00e3o est\u00e1vamos preparados para uma evid\u00eancia t\u00e3o convincente da estreita rela\u00e7\u00e3o faunal entre a \u00c1sia oriental e a Am\u00e9rica do Norte ocidental tal como \u00e9 revelado por esse diminuto esp\u00e9cime.\u201d[1] Essas palavras aparecem logo na quinta linha do artigo publicado por Henry F. Osborn em 1922 na [&hellip;]<\/p>\n","protected":false},"author":752,"featured_media":901,"comment_status":"closed","ping_status":"open","sticky":false,"template":"","format":"standard","meta":{"_acf_changed":false,"om_disable_all_campaigns":false,"footnotes":""},"categories":[39],"tags":[117,118,57,78,106,44,119,56,120,121,122,111,123],"class_list":["post-859","post","type-post","status-publish","format-standard","has-post-thumbnail","hentry","category-artigos","tag-baleia","tag-cetaceos","tag-criacao","tag-criacionismo","tag-descendencia-comum","tag-evolucao","tag-extrapolacao","tag-fosseis","tag-homologia","tag-inferencia","tag-macroevolucao","tag-numar-scb","tag-pakicetus"],"acf":[],"yoast_head":"<!-- This site is optimized with the Yoast SEO plugin v27.3 - https:\/\/yoast.com\/product\/yoast-seo-wordpress\/ -->\n<title>Pakicetus, uma baleia com pernas? - NUMAR-SCB<\/title>\n<meta name=\"robots\" content=\"index, follow, max-snippet:-1, max-image-preview:large, max-video-preview:-1\" \/>\n<link rel=\"canonical\" href=\"https:\/\/scb.org.br\/numar\/artigos\/pakicetus-uma-baleia-com-pernas\/\" \/>\n<meta property=\"og:locale\" content=\"pt_BR\" \/>\n<meta property=\"og:type\" content=\"article\" \/>\n<meta property=\"og:title\" content=\"Pakicetus, uma baleia com pernas? - NUMAR-SCB\" \/>\n<meta property=\"og:description\" content=\"\u201cEstivemos ansiosamente antecipando alguma descoberta desse tipo, mas n\u00e3o est\u00e1vamos preparados para uma evid\u00eancia t\u00e3o convincente da estreita rela\u00e7\u00e3o faunal entre a \u00c1sia oriental e a Am\u00e9rica do Norte ocidental tal como \u00e9 revelado por esse diminuto esp\u00e9cime.\u201d[1] Essas palavras aparecem logo na quinta linha do artigo publicado por Henry F. Osborn em 1922 na [&hellip;]\" \/>\n<meta property=\"og:url\" content=\"https:\/\/scb.org.br\/numar\/artigos\/pakicetus-uma-baleia-com-pernas\/\" \/>\n<meta property=\"og:site_name\" content=\"NUMAR-SCB\" \/>\n<meta property=\"article:published_time\" content=\"2017-02-22T10:51:03+00:00\" \/>\n<meta property=\"og:image\" content=\"https:\/\/scb.org.br\/numar\/wp-content\/uploads\/sites\/6\/2017\/02\/9449287e-155b-4d28-aa43-3d295326980f-1.jpg\" \/>\n\t<meta property=\"og:image:width\" content=\"1200\" \/>\n\t<meta property=\"og:image:height\" content=\"510\" \/>\n\t<meta property=\"og:image:type\" content=\"image\/jpeg\" \/>\n<meta name=\"author\" content=\"rodrigomeneg\" \/>\n<meta name=\"twitter:card\" content=\"summary_large_image\" \/>\n<meta name=\"twitter:label1\" content=\"Escrito por\" \/>\n\t<meta name=\"twitter:data1\" content=\"rodrigomeneg\" \/>\n\t<meta name=\"twitter:label2\" content=\"Est. tempo de leitura\" \/>\n\t<meta name=\"twitter:data2\" content=\"5 minutos\" \/>\n<script type=\"application\/ld+json\" class=\"yoast-schema-graph\">{\"@context\":\"https:\\\/\\\/schema.org\",\"@graph\":[{\"@type\":\"Article\",\"@id\":\"https:\\\/\\\/scb.org.br\\\/numar\\\/artigos\\\/pakicetus-uma-baleia-com-pernas\\\/#article\",\"isPartOf\":{\"@id\":\"https:\\\/\\\/scb.org.br\\\/numar\\\/artigos\\\/pakicetus-uma-baleia-com-pernas\\\/\"},\"author\":{\"name\":\"rodrigomeneg\",\"@id\":\"https:\\\/\\\/scb.org.br\\\/numar\\\/#\\\/schema\\\/person\\\/f5dafd81352fefe4516b50f34bd60f0b\"},\"headline\":\"Pakicetus, uma baleia com pernas?\",\"datePublished\":\"2017-02-22T10:51:03+00:00\",\"mainEntityOfPage\":{\"@id\":\"https:\\\/\\\/scb.org.br\\\/numar\\\/artigos\\\/pakicetus-uma-baleia-com-pernas\\\/\"},\"wordCount\":946,\"publisher\":{\"@id\":\"https:\\\/\\\/scb.org.br\\\/numar\\\/#organization\"},\"image\":{\"@id\":\"https:\\\/\\\/scb.org.br\\\/numar\\\/artigos\\\/pakicetus-uma-baleia-com-pernas\\\/#primaryimage\"},\"thumbnailUrl\":\"https:\\\/\\\/scb.org.br\\\/numar\\\/wp-content\\\/uploads\\\/sites\\\/6\\\/2017\\\/02\\\/9449287e-155b-4d28-aa43-3d295326980f-1.jpg\",\"keywords\":[\"baleia\",\"cet\u00e1ceos\",\"cria\u00e7\u00e3o\",\"criacionismo\",\"descend\u00eancia comum\",\"evolu\u00e7\u00e3o\",\"extrapola\u00e7\u00e3o\",\"f\u00f3sseis\",\"homologia\",\"infer\u00eancia\",\"macroevolu\u00e7\u00e3o\",\"NUMAR-SCB\",\"pakicetus\"],\"articleSection\":[\"Artigos\"],\"inLanguage\":\"pt-BR\"},{\"@type\":\"WebPage\",\"@id\":\"https:\\\/\\\/scb.org.br\\\/numar\\\/artigos\\\/pakicetus-uma-baleia-com-pernas\\\/\",\"url\":\"https:\\\/\\\/scb.org.br\\\/numar\\\/artigos\\\/pakicetus-uma-baleia-com-pernas\\\/\",\"name\":\"Pakicetus, uma baleia com pernas? - NUMAR-SCB\",\"isPartOf\":{\"@id\":\"https:\\\/\\\/scb.org.br\\\/numar\\\/#website\"},\"primaryImageOfPage\":{\"@id\":\"https:\\\/\\\/scb.org.br\\\/numar\\\/artigos\\\/pakicetus-uma-baleia-com-pernas\\\/#primaryimage\"},\"image\":{\"@id\":\"https:\\\/\\\/scb.org.br\\\/numar\\\/artigos\\\/pakicetus-uma-baleia-com-pernas\\\/#primaryimage\"},\"thumbnailUrl\":\"https:\\\/\\\/scb.org.br\\\/numar\\\/wp-content\\\/uploads\\\/sites\\\/6\\\/2017\\\/02\\\/9449287e-155b-4d28-aa43-3d295326980f-1.jpg\",\"datePublished\":\"2017-02-22T10:51:03+00:00\",\"breadcrumb\":{\"@id\":\"https:\\\/\\\/scb.org.br\\\/numar\\\/artigos\\\/pakicetus-uma-baleia-com-pernas\\\/#breadcrumb\"},\"inLanguage\":\"pt-BR\",\"potentialAction\":[{\"@type\":\"ReadAction\",\"target\":[\"https:\\\/\\\/scb.org.br\\\/numar\\\/artigos\\\/pakicetus-uma-baleia-com-pernas\\\/\"]}]},{\"@type\":\"ImageObject\",\"inLanguage\":\"pt-BR\",\"@id\":\"https:\\\/\\\/scb.org.br\\\/numar\\\/artigos\\\/pakicetus-uma-baleia-com-pernas\\\/#primaryimage\",\"url\":\"https:\\\/\\\/scb.org.br\\\/numar\\\/wp-content\\\/uploads\\\/sites\\\/6\\\/2017\\\/02\\\/9449287e-155b-4d28-aa43-3d295326980f-1.jpg\",\"contentUrl\":\"https:\\\/\\\/scb.org.br\\\/numar\\\/wp-content\\\/uploads\\\/sites\\\/6\\\/2017\\\/02\\\/9449287e-155b-4d28-aa43-3d295326980f-1.jpg\",\"width\":1200,\"height\":510,\"caption\":\"Pakicetus\"},{\"@type\":\"BreadcrumbList\",\"@id\":\"https:\\\/\\\/scb.org.br\\\/numar\\\/artigos\\\/pakicetus-uma-baleia-com-pernas\\\/#breadcrumb\",\"itemListElement\":[{\"@type\":\"ListItem\",\"position\":1,\"name\":\"P\u00e1gina Inicial\",\"item\":\"https:\\\/\\\/scb.org.br\\\/numar\\\/\"},{\"@type\":\"ListItem\",\"position\":2,\"name\":\"Pakicetus, uma baleia com pernas?\"}]},{\"@type\":\"WebSite\",\"@id\":\"https:\\\/\\\/scb.org.br\\\/numar\\\/#website\",\"url\":\"https:\\\/\\\/scb.org.br\\\/numar\\\/\",\"name\":\"NUMAR-SCB\",\"description\":\"N\u00facleo Maringaense da Sociedade Criacionista Brasileira\",\"publisher\":{\"@id\":\"https:\\\/\\\/scb.org.br\\\/numar\\\/#organization\"},\"potentialAction\":[{\"@type\":\"SearchAction\",\"target\":{\"@type\":\"EntryPoint\",\"urlTemplate\":\"https:\\\/\\\/scb.org.br\\\/numar\\\/?s={search_term_string}\"},\"query-input\":{\"@type\":\"PropertyValueSpecification\",\"valueRequired\":true,\"valueName\":\"search_term_string\"}}],\"inLanguage\":\"pt-BR\"},{\"@type\":\"Organization\",\"@id\":\"https:\\\/\\\/scb.org.br\\\/numar\\\/#organization\",\"name\":\"NUMAR-SCB - N\u00facleo Maringaense da Sociedade Criacionista Brasileira\",\"url\":\"https:\\\/\\\/scb.org.br\\\/numar\\\/\",\"logo\":{\"@type\":\"ImageObject\",\"inLanguage\":\"pt-BR\",\"@id\":\"https:\\\/\\\/scb.org.br\\\/numar\\\/#\\\/schema\\\/logo\\\/image\\\/\",\"url\":\"https:\\\/\\\/scb.org.br\\\/numar\\\/wp-content\\\/uploads\\\/sites\\\/6\\\/2020\\\/05\\\/logo-1.png\",\"contentUrl\":\"https:\\\/\\\/scb.org.br\\\/numar\\\/wp-content\\\/uploads\\\/sites\\\/6\\\/2020\\\/05\\\/logo-1.png\",\"width\":248,\"height\":263,\"caption\":\"NUMAR-SCB - N\u00facleo Maringaense da Sociedade Criacionista Brasileira\"},\"image\":{\"@id\":\"https:\\\/\\\/scb.org.br\\\/numar\\\/#\\\/schema\\\/logo\\\/image\\\/\"}},{\"@type\":\"Person\",\"@id\":\"https:\\\/\\\/scb.org.br\\\/numar\\\/#\\\/schema\\\/person\\\/f5dafd81352fefe4516b50f34bd60f0b\",\"name\":\"rodrigomeneg\",\"image\":{\"@type\":\"ImageObject\",\"inLanguage\":\"pt-BR\",\"@id\":\"https:\\\/\\\/secure.gravatar.com\\\/avatar\\\/2370e980b8efc2a324b94286375847fec864099765dfb31ecc9a10fbdc05dc3f?s=96&d=mm&r=g20bd0d94c14a2daad3869ca9101ce3c0\",\"url\":\"https:\\\/\\\/secure.gravatar.com\\\/avatar\\\/2370e980b8efc2a324b94286375847fec864099765dfb31ecc9a10fbdc05dc3f?s=96&d=mm&r=g\",\"contentUrl\":\"https:\\\/\\\/secure.gravatar.com\\\/avatar\\\/2370e980b8efc2a324b94286375847fec864099765dfb31ecc9a10fbdc05dc3f?s=96&d=mm&r=g\",\"caption\":\"rodrigomeneg\"}}]}<\/script>\n<!-- \/ Yoast SEO plugin. -->","yoast_head_json":{"title":"Pakicetus, uma baleia com pernas? - NUMAR-SCB","robots":{"index":"index","follow":"follow","max-snippet":"max-snippet:-1","max-image-preview":"max-image-preview:large","max-video-preview":"max-video-preview:-1"},"canonical":"https:\/\/scb.org.br\/numar\/artigos\/pakicetus-uma-baleia-com-pernas\/","og_locale":"pt_BR","og_type":"article","og_title":"Pakicetus, uma baleia com pernas? - NUMAR-SCB","og_description":"\u201cEstivemos ansiosamente antecipando alguma descoberta desse tipo, mas n\u00e3o est\u00e1vamos preparados para uma evid\u00eancia t\u00e3o convincente da estreita rela\u00e7\u00e3o faunal entre a \u00c1sia oriental e a Am\u00e9rica do Norte ocidental tal como \u00e9 revelado por esse diminuto esp\u00e9cime.\u201d[1] Essas palavras aparecem logo na quinta linha do artigo publicado por Henry F. Osborn em 1922 na [&hellip;]","og_url":"https:\/\/scb.org.br\/numar\/artigos\/pakicetus-uma-baleia-com-pernas\/","og_site_name":"NUMAR-SCB","article_published_time":"2017-02-22T10:51:03+00:00","og_image":[{"width":1200,"height":510,"url":"https:\/\/scb.org.br\/numar\/wp-content\/uploads\/sites\/6\/2017\/02\/9449287e-155b-4d28-aa43-3d295326980f-1.jpg","type":"image\/jpeg"}],"author":"rodrigomeneg","twitter_card":"summary_large_image","twitter_misc":{"Escrito por":"rodrigomeneg","Est. tempo de leitura":"5 minutos"},"schema":{"@context":"https:\/\/schema.org","@graph":[{"@type":"Article","@id":"https:\/\/scb.org.br\/numar\/artigos\/pakicetus-uma-baleia-com-pernas\/#article","isPartOf":{"@id":"https:\/\/scb.org.br\/numar\/artigos\/pakicetus-uma-baleia-com-pernas\/"},"author":{"name":"rodrigomeneg","@id":"https:\/\/scb.org.br\/numar\/#\/schema\/person\/f5dafd81352fefe4516b50f34bd60f0b"},"headline":"Pakicetus, uma baleia com pernas?","datePublished":"2017-02-22T10:51:03+00:00","mainEntityOfPage":{"@id":"https:\/\/scb.org.br\/numar\/artigos\/pakicetus-uma-baleia-com-pernas\/"},"wordCount":946,"publisher":{"@id":"https:\/\/scb.org.br\/numar\/#organization"},"image":{"@id":"https:\/\/scb.org.br\/numar\/artigos\/pakicetus-uma-baleia-com-pernas\/#primaryimage"},"thumbnailUrl":"https:\/\/scb.org.br\/numar\/wp-content\/uploads\/sites\/6\/2017\/02\/9449287e-155b-4d28-aa43-3d295326980f-1.jpg","keywords":["baleia","cet\u00e1ceos","cria\u00e7\u00e3o","criacionismo","descend\u00eancia comum","evolu\u00e7\u00e3o","extrapola\u00e7\u00e3o","f\u00f3sseis","homologia","infer\u00eancia","macroevolu\u00e7\u00e3o","NUMAR-SCB","pakicetus"],"articleSection":["Artigos"],"inLanguage":"pt-BR"},{"@type":"WebPage","@id":"https:\/\/scb.org.br\/numar\/artigos\/pakicetus-uma-baleia-com-pernas\/","url":"https:\/\/scb.org.br\/numar\/artigos\/pakicetus-uma-baleia-com-pernas\/","name":"Pakicetus, uma baleia com pernas? - NUMAR-SCB","isPartOf":{"@id":"https:\/\/scb.org.br\/numar\/#website"},"primaryImageOfPage":{"@id":"https:\/\/scb.org.br\/numar\/artigos\/pakicetus-uma-baleia-com-pernas\/#primaryimage"},"image":{"@id":"https:\/\/scb.org.br\/numar\/artigos\/pakicetus-uma-baleia-com-pernas\/#primaryimage"},"thumbnailUrl":"https:\/\/scb.org.br\/numar\/wp-content\/uploads\/sites\/6\/2017\/02\/9449287e-155b-4d28-aa43-3d295326980f-1.jpg","datePublished":"2017-02-22T10:51:03+00:00","breadcrumb":{"@id":"https:\/\/scb.org.br\/numar\/artigos\/pakicetus-uma-baleia-com-pernas\/#breadcrumb"},"inLanguage":"pt-BR","potentialAction":[{"@type":"ReadAction","target":["https:\/\/scb.org.br\/numar\/artigos\/pakicetus-uma-baleia-com-pernas\/"]}]},{"@type":"ImageObject","inLanguage":"pt-BR","@id":"https:\/\/scb.org.br\/numar\/artigos\/pakicetus-uma-baleia-com-pernas\/#primaryimage","url":"https:\/\/scb.org.br\/numar\/wp-content\/uploads\/sites\/6\/2017\/02\/9449287e-155b-4d28-aa43-3d295326980f-1.jpg","contentUrl":"https:\/\/scb.org.br\/numar\/wp-content\/uploads\/sites\/6\/2017\/02\/9449287e-155b-4d28-aa43-3d295326980f-1.jpg","width":1200,"height":510,"caption":"Pakicetus"},{"@type":"BreadcrumbList","@id":"https:\/\/scb.org.br\/numar\/artigos\/pakicetus-uma-baleia-com-pernas\/#breadcrumb","itemListElement":[{"@type":"ListItem","position":1,"name":"P\u00e1gina Inicial","item":"https:\/\/scb.org.br\/numar\/"},{"@type":"ListItem","position":2,"name":"Pakicetus, uma baleia com pernas?"}]},{"@type":"WebSite","@id":"https:\/\/scb.org.br\/numar\/#website","url":"https:\/\/scb.org.br\/numar\/","name":"NUMAR-SCB","description":"N\u00facleo Maringaense da Sociedade Criacionista Brasileira","publisher":{"@id":"https:\/\/scb.org.br\/numar\/#organization"},"potentialAction":[{"@type":"SearchAction","target":{"@type":"EntryPoint","urlTemplate":"https:\/\/scb.org.br\/numar\/?s={search_term_string}"},"query-input":{"@type":"PropertyValueSpecification","valueRequired":true,"valueName":"search_term_string"}}],"inLanguage":"pt-BR"},{"@type":"Organization","@id":"https:\/\/scb.org.br\/numar\/#organization","name":"NUMAR-SCB - N\u00facleo Maringaense da Sociedade Criacionista Brasileira","url":"https:\/\/scb.org.br\/numar\/","logo":{"@type":"ImageObject","inLanguage":"pt-BR","@id":"https:\/\/scb.org.br\/numar\/#\/schema\/logo\/image\/","url":"https:\/\/scb.org.br\/numar\/wp-content\/uploads\/sites\/6\/2020\/05\/logo-1.png","contentUrl":"https:\/\/scb.org.br\/numar\/wp-content\/uploads\/sites\/6\/2020\/05\/logo-1.png","width":248,"height":263,"caption":"NUMAR-SCB - N\u00facleo Maringaense da Sociedade Criacionista Brasileira"},"image":{"@id":"https:\/\/scb.org.br\/numar\/#\/schema\/logo\/image\/"}},{"@type":"Person","@id":"https:\/\/scb.org.br\/numar\/#\/schema\/person\/f5dafd81352fefe4516b50f34bd60f0b","name":"rodrigomeneg","image":{"@type":"ImageObject","inLanguage":"pt-BR","@id":"https:\/\/secure.gravatar.com\/avatar\/2370e980b8efc2a324b94286375847fec864099765dfb31ecc9a10fbdc05dc3f?s=96&d=mm&r=g20bd0d94c14a2daad3869ca9101ce3c0","url":"https:\/\/secure.gravatar.com\/avatar\/2370e980b8efc2a324b94286375847fec864099765dfb31ecc9a10fbdc05dc3f?s=96&d=mm&r=g","contentUrl":"https:\/\/secure.gravatar.com\/avatar\/2370e980b8efc2a324b94286375847fec864099765dfb31ecc9a10fbdc05dc3f?s=96&d=mm&r=g","caption":"rodrigomeneg"}}]}},"authors":[],"_links":{"self":[{"href":"https:\/\/scb.org.br\/numar\/wp-json\/wp\/v2\/posts\/859","targetHints":{"allow":["GET"]}}],"collection":[{"href":"https:\/\/scb.org.br\/numar\/wp-json\/wp\/v2\/posts"}],"about":[{"href":"https:\/\/scb.org.br\/numar\/wp-json\/wp\/v2\/types\/post"}],"author":[{"embeddable":true,"href":"https:\/\/scb.org.br\/numar\/wp-json\/wp\/v2\/users\/752"}],"replies":[{"embeddable":true,"href":"https:\/\/scb.org.br\/numar\/wp-json\/wp\/v2\/comments?post=859"}],"version-history":[{"count":0,"href":"https:\/\/scb.org.br\/numar\/wp-json\/wp\/v2\/posts\/859\/revisions"}],"wp:featuredmedia":[{"embeddable":true,"href":"https:\/\/scb.org.br\/numar\/wp-json\/wp\/v2\/media\/901"}],"wp:attachment":[{"href":"https:\/\/scb.org.br\/numar\/wp-json\/wp\/v2\/media?parent=859"}],"wp:term":[{"taxonomy":"category","embeddable":true,"href":"https:\/\/scb.org.br\/numar\/wp-json\/wp\/v2\/categories?post=859"},{"taxonomy":"post_tag","embeddable":true,"href":"https:\/\/scb.org.br\/numar\/wp-json\/wp\/v2\/tags?post=859"}],"curies":[{"name":"wp","href":"https:\/\/api.w.org\/{rel}","templated":true}]}}