{"id":386,"date":"2016-11-07T15:30:41","date_gmt":"2016-11-07T18:30:41","guid":{"rendered":"http:\/\/numar.scb.org.br\/?p=386"},"modified":"2016-11-07T15:30:41","modified_gmt":"2016-11-07T18:30:41","slug":"e-possivel-prolongar-vida-com-qualidade","status":"publish","type":"post","link":"https:\/\/scb.org.br\/numar\/artigos\/e-possivel-prolongar-vida-com-qualidade\/","title":{"rendered":"\u00c9 poss\u00edvel prolongar a vida com qualidade?"},"content":{"rendered":"<p style=\"text-align: justify\">A ci\u00eancia j\u00e1 comprovou: pessoas que adotam um estilo de vida saud\u00e1vel \u2013 incluindo o vegetarianismo, o descanso, a absten\u00e7\u00e3o de drogas l\u00edcitas e il\u00edcitas e a pr\u00e1tica de atividades f\u00edsicas \u2013 vivem at\u00e9 dez anos a mais do que as pessoas n\u00e3o vegetarianas.[1-5] Mas como isso \u00e9 poss\u00edvel? Esses dados me fizeram pensar se h\u00e1 a possibilidade de decidirmos se vamos viver mais ou se morreremos mais cedo. A escolha realmente estaria em nossas m\u00e3os? Ou haveria uma predestina\u00e7\u00e3o quanto ao dia em que iremos morrer? \u00c9 certo que Deus \u00e9 onisciente e conhece tanto o dia de nosso nascimento quanto o dia de nossa morte, e at\u00e9 mesmo \u201cos fios de cabelo [da nossa cabe\u00e7a] est\u00e3o contados\u201d (Lc 12:7). Devido a isso, parece haver certo consenso entre muitos crist\u00e3os de que exista um [suposto] dia j\u00e1 tra\u00e7ado para a nossa morte. Mas o que a B\u00edblia diz a respeito disso? Existem ind\u00edcios da possibilidade de vivermos mais, caso queiramos? Numa breve investiga\u00e7\u00e3o, encontrei algumas respostas.<\/p>\n<p style=\"text-align: justify\">Podemos encontrar no cap\u00edtulo 5 do livro de G\u00eanesis que, antes do dil\u00favio, o ser humano vivia centenas de anos (Ad\u00e3o, por exemplo, viveu 930 anos). Ap\u00f3s o dil\u00favio, possivelmente devido a um conjunto de fatores, tais como o pecado e a passagem da alimenta\u00e7\u00e3o natural para o consumo tempor\u00e1rio (emergencial) de carne, devido \u00e0 escassez de vegeta\u00e7\u00e3o p\u00f3s-diluviana (Gn 9:3), a dura\u00e7\u00e3o da vida humana encolheu drasticamente (compare G\u00eanesis 5 com G\u00eanesis 11:24, 25) e, eventualmente, chegou at\u00e9 cerca de 70 anos de idade, como no caso do rei Davi (2Sm 5:4, 5; Sl 90:10).<\/p>\n<p style=\"text-align: justify\">\u00c9 preciso deixar claro que essas passagens n\u00e3o s\u00e3o limites ordenados por Deus \u00e0 idade m\u00e1xima da humanidade (pois vemos alguns personagens b\u00edblicos vivendo al\u00e9m dessas idades). Atualmente, avan\u00e7os na ci\u00eancia, nos tratamentos de sa\u00fade e em outros campos que se utilizam de t\u00e9cnicas modernas, t\u00eam auxiliado o ser humano a viver mais. Mesmo assim, pouqu\u00edssimas pessoas vivem mais de 120 anos.<\/p>\n<p style=\"text-align: justify\">Um olhar atento de volta ao passado, mais especificamente para os seres humanos que viveram antes do dil\u00favio, evidencia o enorme potencial que os homens e as mulheres tinham para a longevidade. O prop\u00f3sito de Cristo para o ser humano \u00e9 o de que ele tenha \u201cvida e vida com abund\u00e2ncia\u201d (Jo 10:10), e esse prop\u00f3sito nunca mudou. Em \u00caxodo 20:12, \u00e9 poss\u00edvel ver uma dica valiosa para que vivamos por mais tempo, ainda nesta vida terrena: \u201cHonra\u00a0a\u00a0teu pai\u00a0e a\u00a0tua m\u00e3e,\u00a0para que se prolonguem\u00a0os teus dias na terra que o Senhor teu Deus te d\u00e1.\u201d<\/p>\n<p style=\"text-align: justify\">Al\u00e9m disso, h\u00e1 outras dicas relatadas na B\u00edblia relacionadas a um estilo de vida saud\u00e1vel (dieta vegetariana) para o ser humano \u2013 assim como estabelecido por Deus na semana da cria\u00e7\u00e3o \u2013 relatadas em G\u00eanesis 1:29. Outro exemplo \u00e9 encontrado no antigo Egito. A expectativa de vida dos hebreus no antigo Egito era de cerca de 40 anos.[6-8] No entanto, quando Mois\u00e9s libertou os hebreus e os conduziu para Cana\u00e3, o l\u00edder (instru\u00eddo por Deus) orientou o povo a seguir as recomenda\u00e7\u00f5es divinas relacionadas \u00e0 sa\u00fade. Com isso, a m\u00e9dia de vida deles foi aumentada para mais de 70 anos.<\/p>\n<p style=\"text-align: justify\">Fato \u00e9 que a ci\u00eancia j\u00e1 conseguiu comprovar que a ado\u00e7\u00e3o de uma dieta estritamente vegetariana (conforme as orienta\u00e7\u00f5es b\u00edblicas) pode realmente fazer com que o ser humano se torne mais longevo. \u00c9 sabido que, \u00e0 medida que uma pessoa envelhece, o organismo usa um mecanismo de compensa\u00e7\u00e3o para que a multiplica\u00e7\u00e3o celular continue a acontecer, ao passo que os tel\u00f4meros (ponta dos cromossomos) v\u00e3o se desgastando e encurtando.<\/p>\n<p style=\"text-align: justify\">Em 2013, um estudo descobriu que \u00e9 poss\u00edvel reverter esse processo e fazer com que os tel\u00f4meros voltem a crescer.[9] Ou seja, tornando o ser humano literalmente mais jovem. Dez idosos (a\u00a0amostra do estudo)\u00a0foram submetidos a uma dieta controlada, com apenas 10% de gordura e rica em alimentos saud\u00e1veis (verduras, legumes e gr\u00e3os integrais). Tamb\u00e9m tinham de fazer exerc\u00edcios di\u00e1rios. Cinco anos depois, seus tel\u00f4meros haviam crescido 10% \u2212 quando o normal seria encolherem 3%.<\/p>\n<p style=\"text-align: justify\">Assim, \u00e9 poss\u00edvel perceber que podemos, sim, decidir viver mais \u2013 longe da doutrina da predestina\u00e7\u00e3o de um dia marcado para a morte \u2013, a partir do momento que seguimos as orienta\u00e7\u00f5es de sa\u00fade contidas em um livro milenar chamado B\u00edblia. Decida voc\u00ea tamb\u00e9m adotar a dieta vegetariana e o estilo de vida saud\u00e1vel, e descubra por si mesmo os benef\u00edcios da longevidade (com qualidade) com que fomos programados pelo Criador.<\/p>\n","protected":false},"excerpt":{"rendered":"<p>A ci\u00eancia j\u00e1 comprovou: pessoas que adotam um estilo de vida saud\u00e1vel \u2013 incluindo o vegetarianismo, o descanso, a absten\u00e7\u00e3o de drogas l\u00edcitas e il\u00edcitas e a pr\u00e1tica de atividades f\u00edsicas \u2013 vivem at\u00e9 dez anos a mais do que as pessoas n\u00e3o vegetarianas.[1-5] Mas como isso \u00e9 poss\u00edvel? Esses dados me fizeram pensar se [&hellip;]<\/p>\n","protected":false},"author":2171,"featured_media":387,"comment_status":"closed","ping_status":"open","sticky":false,"template":"","format":"standard","meta":{"_acf_changed":false,"om_disable_all_campaigns":false,"footnotes":""},"categories":[39],"tags":[71,72,73,74,75,76,77],"class_list":["post-386","post","type-post","status-publish","format-standard","has-post-thumbnail","hentry","category-artigos","tag-estilo-de-vida","tag-idosos","tag-longevidade","tag-qualidade","tag-qualidade-de-vida","tag-saudavel","tag-vegetarianismo"],"acf":[],"yoast_head":"<!-- This site is optimized with the Yoast SEO plugin v27.3 - https:\/\/yoast.com\/product\/yoast-seo-wordpress\/ -->\n<title>\u00c9 poss\u00edvel prolongar a vida com qualidade? - NUMAR-SCB<\/title>\n<meta name=\"robots\" content=\"index, follow, max-snippet:-1, max-image-preview:large, max-video-preview:-1\" \/>\n<link rel=\"canonical\" href=\"https:\/\/scb.org.br\/numar\/artigos\/e-possivel-prolongar-vida-com-qualidade\/\" \/>\n<meta property=\"og:locale\" content=\"pt_BR\" \/>\n<meta property=\"og:type\" content=\"article\" \/>\n<meta property=\"og:title\" content=\"\u00c9 poss\u00edvel prolongar a vida com qualidade? - NUMAR-SCB\" \/>\n<meta property=\"og:description\" content=\"A ci\u00eancia j\u00e1 comprovou: pessoas que adotam um estilo de vida saud\u00e1vel \u2013 incluindo o vegetarianismo, o descanso, a absten\u00e7\u00e3o de drogas l\u00edcitas e il\u00edcitas e a pr\u00e1tica de atividades f\u00edsicas \u2013 vivem at\u00e9 dez anos a mais do que as pessoas n\u00e3o vegetarianas.[1-5] Mas como isso \u00e9 poss\u00edvel? Esses dados me fizeram pensar se [&hellip;]\" \/>\n<meta property=\"og:url\" content=\"https:\/\/scb.org.br\/numar\/artigos\/e-possivel-prolongar-vida-com-qualidade\/\" \/>\n<meta property=\"og:site_name\" content=\"NUMAR-SCB\" \/>\n<meta property=\"article:published_time\" content=\"2016-11-07T18:30:41+00:00\" \/>\n<meta property=\"og:image\" content=\"https:\/\/scb.org.br\/numar\/wp-content\/uploads\/sites\/6\/2016\/11\/longevidade-1.jpg\" \/>\n\t<meta property=\"og:image:width\" content=\"955\" \/>\n\t<meta property=\"og:image:height\" content=\"895\" \/>\n\t<meta property=\"og:image:type\" content=\"image\/jpeg\" \/>\n<meta name=\"author\" content=\"EVERTON ALVES\" \/>\n<meta name=\"twitter:card\" content=\"summary_large_image\" \/>\n<meta name=\"twitter:label1\" content=\"Escrito por\" \/>\n\t<meta name=\"twitter:data1\" content=\"EVERTON ALVES\" \/>\n\t<meta name=\"twitter:label2\" content=\"Est. tempo de leitura\" \/>\n\t<meta name=\"twitter:data2\" content=\"4 minutos\" \/>\n<script type=\"application\/ld+json\" class=\"yoast-schema-graph\">{\"@context\":\"https:\\\/\\\/schema.org\",\"@graph\":[{\"@type\":\"Article\",\"@id\":\"https:\\\/\\\/scb.org.br\\\/numar\\\/artigos\\\/e-possivel-prolongar-vida-com-qualidade\\\/#article\",\"isPartOf\":{\"@id\":\"https:\\\/\\\/scb.org.br\\\/numar\\\/artigos\\\/e-possivel-prolongar-vida-com-qualidade\\\/\"},\"author\":{\"name\":\"EVERTON ALVES\",\"@id\":\"https:\\\/\\\/scb.org.br\\\/numar\\\/#\\\/schema\\\/person\\\/f14bf877dc92f48d139ecf49bf826b34\"},\"headline\":\"\u00c9 poss\u00edvel prolongar a vida com qualidade?\",\"datePublished\":\"2016-11-07T18:30:41+00:00\",\"mainEntityOfPage\":{\"@id\":\"https:\\\/\\\/scb.org.br\\\/numar\\\/artigos\\\/e-possivel-prolongar-vida-com-qualidade\\\/\"},\"wordCount\":792,\"publisher\":{\"@id\":\"https:\\\/\\\/scb.org.br\\\/numar\\\/#organization\"},\"image\":{\"@id\":\"https:\\\/\\\/scb.org.br\\\/numar\\\/artigos\\\/e-possivel-prolongar-vida-com-qualidade\\\/#primaryimage\"},\"thumbnailUrl\":\"https:\\\/\\\/scb.org.br\\\/numar\\\/wp-content\\\/uploads\\\/sites\\\/6\\\/2016\\\/11\\\/longevidade-1.jpg\",\"keywords\":[\"estilo de vida\",\"idosos\",\"longevidade\",\"qualidade\",\"qualidade de vida\",\"saud\u00e1vel\",\"vegetarianismo\"],\"articleSection\":[\"Artigos\"],\"inLanguage\":\"pt-BR\"},{\"@type\":\"WebPage\",\"@id\":\"https:\\\/\\\/scb.org.br\\\/numar\\\/artigos\\\/e-possivel-prolongar-vida-com-qualidade\\\/\",\"url\":\"https:\\\/\\\/scb.org.br\\\/numar\\\/artigos\\\/e-possivel-prolongar-vida-com-qualidade\\\/\",\"name\":\"\u00c9 poss\u00edvel prolongar a vida com qualidade? - NUMAR-SCB\",\"isPartOf\":{\"@id\":\"https:\\\/\\\/scb.org.br\\\/numar\\\/#website\"},\"primaryImageOfPage\":{\"@id\":\"https:\\\/\\\/scb.org.br\\\/numar\\\/artigos\\\/e-possivel-prolongar-vida-com-qualidade\\\/#primaryimage\"},\"image\":{\"@id\":\"https:\\\/\\\/scb.org.br\\\/numar\\\/artigos\\\/e-possivel-prolongar-vida-com-qualidade\\\/#primaryimage\"},\"thumbnailUrl\":\"https:\\\/\\\/scb.org.br\\\/numar\\\/wp-content\\\/uploads\\\/sites\\\/6\\\/2016\\\/11\\\/longevidade-1.jpg\",\"datePublished\":\"2016-11-07T18:30:41+00:00\",\"breadcrumb\":{\"@id\":\"https:\\\/\\\/scb.org.br\\\/numar\\\/artigos\\\/e-possivel-prolongar-vida-com-qualidade\\\/#breadcrumb\"},\"inLanguage\":\"pt-BR\",\"potentialAction\":[{\"@type\":\"ReadAction\",\"target\":[\"https:\\\/\\\/scb.org.br\\\/numar\\\/artigos\\\/e-possivel-prolongar-vida-com-qualidade\\\/\"]}]},{\"@type\":\"ImageObject\",\"inLanguage\":\"pt-BR\",\"@id\":\"https:\\\/\\\/scb.org.br\\\/numar\\\/artigos\\\/e-possivel-prolongar-vida-com-qualidade\\\/#primaryimage\",\"url\":\"https:\\\/\\\/scb.org.br\\\/numar\\\/wp-content\\\/uploads\\\/sites\\\/6\\\/2016\\\/11\\\/longevidade-1.jpg\",\"contentUrl\":\"https:\\\/\\\/scb.org.br\\\/numar\\\/wp-content\\\/uploads\\\/sites\\\/6\\\/2016\\\/11\\\/longevidade-1.jpg\",\"width\":955,\"height\":895},{\"@type\":\"BreadcrumbList\",\"@id\":\"https:\\\/\\\/scb.org.br\\\/numar\\\/artigos\\\/e-possivel-prolongar-vida-com-qualidade\\\/#breadcrumb\",\"itemListElement\":[{\"@type\":\"ListItem\",\"position\":1,\"name\":\"P\u00e1gina Inicial\",\"item\":\"https:\\\/\\\/scb.org.br\\\/numar\\\/\"},{\"@type\":\"ListItem\",\"position\":2,\"name\":\"\u00c9 poss\u00edvel prolongar a vida com qualidade?\"}]},{\"@type\":\"WebSite\",\"@id\":\"https:\\\/\\\/scb.org.br\\\/numar\\\/#website\",\"url\":\"https:\\\/\\\/scb.org.br\\\/numar\\\/\",\"name\":\"NUMAR-SCB\",\"description\":\"N\u00facleo Maringaense da Sociedade Criacionista Brasileira\",\"publisher\":{\"@id\":\"https:\\\/\\\/scb.org.br\\\/numar\\\/#organization\"},\"potentialAction\":[{\"@type\":\"SearchAction\",\"target\":{\"@type\":\"EntryPoint\",\"urlTemplate\":\"https:\\\/\\\/scb.org.br\\\/numar\\\/?s={search_term_string}\"},\"query-input\":{\"@type\":\"PropertyValueSpecification\",\"valueRequired\":true,\"valueName\":\"search_term_string\"}}],\"inLanguage\":\"pt-BR\"},{\"@type\":\"Organization\",\"@id\":\"https:\\\/\\\/scb.org.br\\\/numar\\\/#organization\",\"name\":\"NUMAR-SCB - N\u00facleo Maringaense da Sociedade Criacionista Brasileira\",\"url\":\"https:\\\/\\\/scb.org.br\\\/numar\\\/\",\"logo\":{\"@type\":\"ImageObject\",\"inLanguage\":\"pt-BR\",\"@id\":\"https:\\\/\\\/scb.org.br\\\/numar\\\/#\\\/schema\\\/logo\\\/image\\\/\",\"url\":\"https:\\\/\\\/scb.org.br\\\/numar\\\/wp-content\\\/uploads\\\/sites\\\/6\\\/2020\\\/05\\\/logo-1.png\",\"contentUrl\":\"https:\\\/\\\/scb.org.br\\\/numar\\\/wp-content\\\/uploads\\\/sites\\\/6\\\/2020\\\/05\\\/logo-1.png\",\"width\":248,\"height\":263,\"caption\":\"NUMAR-SCB - N\u00facleo Maringaense da Sociedade Criacionista Brasileira\"},\"image\":{\"@id\":\"https:\\\/\\\/scb.org.br\\\/numar\\\/#\\\/schema\\\/logo\\\/image\\\/\"}},{\"@type\":\"Person\",\"@id\":\"https:\\\/\\\/scb.org.br\\\/numar\\\/#\\\/schema\\\/person\\\/f14bf877dc92f48d139ecf49bf826b34\",\"name\":\"EVERTON ALVES\",\"image\":{\"@type\":\"ImageObject\",\"inLanguage\":\"pt-BR\",\"@id\":\"https:\\\/\\\/secure.gravatar.com\\\/avatar\\\/c9a9bf529febf0ba61bcb34fd09f5f8c76479b3d94ea42f1d132d3146c565d6d?s=96&d=mm&r=gd8285a1978137b6d04f6fd7d798b5297\",\"url\":\"https:\\\/\\\/secure.gravatar.com\\\/avatar\\\/c9a9bf529febf0ba61bcb34fd09f5f8c76479b3d94ea42f1d132d3146c565d6d?s=96&d=mm&r=g\",\"contentUrl\":\"https:\\\/\\\/secure.gravatar.com\\\/avatar\\\/c9a9bf529febf0ba61bcb34fd09f5f8c76479b3d94ea42f1d132d3146c565d6d?s=96&d=mm&r=g\",\"caption\":\"EVERTON ALVES\"}}]}<\/script>\n<!-- \/ Yoast SEO plugin. -->","yoast_head_json":{"title":"\u00c9 poss\u00edvel prolongar a vida com qualidade? - NUMAR-SCB","robots":{"index":"index","follow":"follow","max-snippet":"max-snippet:-1","max-image-preview":"max-image-preview:large","max-video-preview":"max-video-preview:-1"},"canonical":"https:\/\/scb.org.br\/numar\/artigos\/e-possivel-prolongar-vida-com-qualidade\/","og_locale":"pt_BR","og_type":"article","og_title":"\u00c9 poss\u00edvel prolongar a vida com qualidade? - NUMAR-SCB","og_description":"A ci\u00eancia j\u00e1 comprovou: pessoas que adotam um estilo de vida saud\u00e1vel \u2013 incluindo o vegetarianismo, o descanso, a absten\u00e7\u00e3o de drogas l\u00edcitas e il\u00edcitas e a pr\u00e1tica de atividades f\u00edsicas \u2013 vivem at\u00e9 dez anos a mais do que as pessoas n\u00e3o vegetarianas.[1-5] Mas como isso \u00e9 poss\u00edvel? Esses dados me fizeram pensar se [&hellip;]","og_url":"https:\/\/scb.org.br\/numar\/artigos\/e-possivel-prolongar-vida-com-qualidade\/","og_site_name":"NUMAR-SCB","article_published_time":"2016-11-07T18:30:41+00:00","og_image":[{"width":955,"height":895,"url":"https:\/\/scb.org.br\/numar\/wp-content\/uploads\/sites\/6\/2016\/11\/longevidade-1.jpg","type":"image\/jpeg"}],"author":"EVERTON ALVES","twitter_card":"summary_large_image","twitter_misc":{"Escrito por":"EVERTON ALVES","Est. tempo de leitura":"4 minutos"},"schema":{"@context":"https:\/\/schema.org","@graph":[{"@type":"Article","@id":"https:\/\/scb.org.br\/numar\/artigos\/e-possivel-prolongar-vida-com-qualidade\/#article","isPartOf":{"@id":"https:\/\/scb.org.br\/numar\/artigos\/e-possivel-prolongar-vida-com-qualidade\/"},"author":{"name":"EVERTON ALVES","@id":"https:\/\/scb.org.br\/numar\/#\/schema\/person\/f14bf877dc92f48d139ecf49bf826b34"},"headline":"\u00c9 poss\u00edvel prolongar a vida com qualidade?","datePublished":"2016-11-07T18:30:41+00:00","mainEntityOfPage":{"@id":"https:\/\/scb.org.br\/numar\/artigos\/e-possivel-prolongar-vida-com-qualidade\/"},"wordCount":792,"publisher":{"@id":"https:\/\/scb.org.br\/numar\/#organization"},"image":{"@id":"https:\/\/scb.org.br\/numar\/artigos\/e-possivel-prolongar-vida-com-qualidade\/#primaryimage"},"thumbnailUrl":"https:\/\/scb.org.br\/numar\/wp-content\/uploads\/sites\/6\/2016\/11\/longevidade-1.jpg","keywords":["estilo de vida","idosos","longevidade","qualidade","qualidade de vida","saud\u00e1vel","vegetarianismo"],"articleSection":["Artigos"],"inLanguage":"pt-BR"},{"@type":"WebPage","@id":"https:\/\/scb.org.br\/numar\/artigos\/e-possivel-prolongar-vida-com-qualidade\/","url":"https:\/\/scb.org.br\/numar\/artigos\/e-possivel-prolongar-vida-com-qualidade\/","name":"\u00c9 poss\u00edvel prolongar a vida com qualidade? - NUMAR-SCB","isPartOf":{"@id":"https:\/\/scb.org.br\/numar\/#website"},"primaryImageOfPage":{"@id":"https:\/\/scb.org.br\/numar\/artigos\/e-possivel-prolongar-vida-com-qualidade\/#primaryimage"},"image":{"@id":"https:\/\/scb.org.br\/numar\/artigos\/e-possivel-prolongar-vida-com-qualidade\/#primaryimage"},"thumbnailUrl":"https:\/\/scb.org.br\/numar\/wp-content\/uploads\/sites\/6\/2016\/11\/longevidade-1.jpg","datePublished":"2016-11-07T18:30:41+00:00","breadcrumb":{"@id":"https:\/\/scb.org.br\/numar\/artigos\/e-possivel-prolongar-vida-com-qualidade\/#breadcrumb"},"inLanguage":"pt-BR","potentialAction":[{"@type":"ReadAction","target":["https:\/\/scb.org.br\/numar\/artigos\/e-possivel-prolongar-vida-com-qualidade\/"]}]},{"@type":"ImageObject","inLanguage":"pt-BR","@id":"https:\/\/scb.org.br\/numar\/artigos\/e-possivel-prolongar-vida-com-qualidade\/#primaryimage","url":"https:\/\/scb.org.br\/numar\/wp-content\/uploads\/sites\/6\/2016\/11\/longevidade-1.jpg","contentUrl":"https:\/\/scb.org.br\/numar\/wp-content\/uploads\/sites\/6\/2016\/11\/longevidade-1.jpg","width":955,"height":895},{"@type":"BreadcrumbList","@id":"https:\/\/scb.org.br\/numar\/artigos\/e-possivel-prolongar-vida-com-qualidade\/#breadcrumb","itemListElement":[{"@type":"ListItem","position":1,"name":"P\u00e1gina Inicial","item":"https:\/\/scb.org.br\/numar\/"},{"@type":"ListItem","position":2,"name":"\u00c9 poss\u00edvel prolongar a vida com qualidade?"}]},{"@type":"WebSite","@id":"https:\/\/scb.org.br\/numar\/#website","url":"https:\/\/scb.org.br\/numar\/","name":"NUMAR-SCB","description":"N\u00facleo Maringaense da Sociedade Criacionista Brasileira","publisher":{"@id":"https:\/\/scb.org.br\/numar\/#organization"},"potentialAction":[{"@type":"SearchAction","target":{"@type":"EntryPoint","urlTemplate":"https:\/\/scb.org.br\/numar\/?s={search_term_string}"},"query-input":{"@type":"PropertyValueSpecification","valueRequired":true,"valueName":"search_term_string"}}],"inLanguage":"pt-BR"},{"@type":"Organization","@id":"https:\/\/scb.org.br\/numar\/#organization","name":"NUMAR-SCB - N\u00facleo Maringaense da Sociedade Criacionista Brasileira","url":"https:\/\/scb.org.br\/numar\/","logo":{"@type":"ImageObject","inLanguage":"pt-BR","@id":"https:\/\/scb.org.br\/numar\/#\/schema\/logo\/image\/","url":"https:\/\/scb.org.br\/numar\/wp-content\/uploads\/sites\/6\/2020\/05\/logo-1.png","contentUrl":"https:\/\/scb.org.br\/numar\/wp-content\/uploads\/sites\/6\/2020\/05\/logo-1.png","width":248,"height":263,"caption":"NUMAR-SCB - N\u00facleo Maringaense da Sociedade Criacionista Brasileira"},"image":{"@id":"https:\/\/scb.org.br\/numar\/#\/schema\/logo\/image\/"}},{"@type":"Person","@id":"https:\/\/scb.org.br\/numar\/#\/schema\/person\/f14bf877dc92f48d139ecf49bf826b34","name":"EVERTON ALVES","image":{"@type":"ImageObject","inLanguage":"pt-BR","@id":"https:\/\/secure.gravatar.com\/avatar\/c9a9bf529febf0ba61bcb34fd09f5f8c76479b3d94ea42f1d132d3146c565d6d?s=96&d=mm&r=gd8285a1978137b6d04f6fd7d798b5297","url":"https:\/\/secure.gravatar.com\/avatar\/c9a9bf529febf0ba61bcb34fd09f5f8c76479b3d94ea42f1d132d3146c565d6d?s=96&d=mm&r=g","contentUrl":"https:\/\/secure.gravatar.com\/avatar\/c9a9bf529febf0ba61bcb34fd09f5f8c76479b3d94ea42f1d132d3146c565d6d?s=96&d=mm&r=g","caption":"EVERTON ALVES"}}]}},"authors":[],"_links":{"self":[{"href":"https:\/\/scb.org.br\/numar\/wp-json\/wp\/v2\/posts\/386","targetHints":{"allow":["GET"]}}],"collection":[{"href":"https:\/\/scb.org.br\/numar\/wp-json\/wp\/v2\/posts"}],"about":[{"href":"https:\/\/scb.org.br\/numar\/wp-json\/wp\/v2\/types\/post"}],"author":[{"embeddable":true,"href":"https:\/\/scb.org.br\/numar\/wp-json\/wp\/v2\/users\/2171"}],"replies":[{"embeddable":true,"href":"https:\/\/scb.org.br\/numar\/wp-json\/wp\/v2\/comments?post=386"}],"version-history":[{"count":0,"href":"https:\/\/scb.org.br\/numar\/wp-json\/wp\/v2\/posts\/386\/revisions"}],"wp:featuredmedia":[{"embeddable":true,"href":"https:\/\/scb.org.br\/numar\/wp-json\/wp\/v2\/media\/387"}],"wp:attachment":[{"href":"https:\/\/scb.org.br\/numar\/wp-json\/wp\/v2\/media?parent=386"}],"wp:term":[{"taxonomy":"category","embeddable":true,"href":"https:\/\/scb.org.br\/numar\/wp-json\/wp\/v2\/categories?post=386"},{"taxonomy":"post_tag","embeddable":true,"href":"https:\/\/scb.org.br\/numar\/wp-json\/wp\/v2\/tags?post=386"}],"curies":[{"name":"wp","href":"https:\/\/api.w.org\/{rel}","templated":true}]}}