{"id":3383,"date":"2025-09-05T01:16:22","date_gmt":"2025-09-05T04:16:22","guid":{"rendered":"https:\/\/scb.org.br\/numar\/?p=3383"},"modified":"2025-09-05T01:19:32","modified_gmt":"2025-09-05T04:19:32","slug":"convocacao-assembleia-geral-extraordinaria-2025","status":"publish","type":"post","link":"https:\/\/scb.org.br\/numar\/convocacoes\/convocacao-assembleia-geral-extraordinaria-2025\/","title":{"rendered":"Convoca\u00e7\u00e3o de Assembleia Geral Extraordin\u00e1ria - 2025"},"content":{"rendered":"<p>Pelo presente e nos termos do Art. 53 da Lei federal n\u00b0 10.406 de 10\/01\/2002, e do art. 13\u00ba do Estatuto do desta Associa\u00e7\u00e3o, CONVOCAMOS todos os associados fundadores e tamb\u00e9m regulares, em pleno gozo de seus direitos estatut\u00e1rios, para a reuni\u00e3o de Assembleia Geral Extraordin\u00e1ria NUMAR-SCB, a realizar-se na Sede do NUMAR-SCB (Av. Mario Clapier Urbinati, 15, sala 08, Jd Universit\u00e1rio, Maring\u00e1-PR), no dia <strong>11 de setembro (quinta-feira), ano 2025, \u00e0s 19:00 horas<\/strong>, com a seguinte ordem do dia:<\/p>\n<p><strong>1 - Elei\u00e7\u00e3o de nova diretoria;<\/strong><br \/>\n<strong>2 - Alinhamentos para o Curso de Astronomia;<\/strong><br \/>\n<strong>3 - Outros assuntos de interesse da associa\u00e7\u00e3o.<\/strong><\/p>\n<p>Caso no hor\u00e1rio indicado n\u00e3o tenham comparecido o n\u00famero legal de associados, a assembleia ocorrer\u00e1 meia hora depois, com qualquer n\u00famero de associados presentes, de acordo com o estipulado no par\u00e1grafo segundo do art. 14\u00ba do Estatuto Social.<\/p>\n<p>Maring\u00e1-PR, 25 d e agosto de 2025.<\/p>\n<p>Atenciosamente,<\/p>\n<p>Danilo Camargo de Oliveira<\/p>\n<p>&nbsp;<\/p>\n<p><a href=\"https:\/\/scb.org.br\/numar\/wp-content\/uploads\/sites\/6\/2025\/09\/convocacao-assembleia-geral-extraordinaria-2025.pdf\">Vers\u00e3o PDF<\/a><\/p>\n","protected":false},"excerpt":{"rendered":"<p>Pelo presente e nos termos do Art. 53 da Lei federal n\u00b0 10.406 de 10\/01\/2002, e do art. 13\u00ba do Estatuto do desta Associa\u00e7\u00e3o, CONVOCAMOS todos os associados fundadores e tamb\u00e9m regulares, em pleno gozo de seus direitos estatut\u00e1rios, para a reuni\u00e3o de Assembleia Geral Extraordin\u00e1ria NUMAR-SCB, a realizar-se na Sede do NUMAR-SCB (Av. Mario [&hellip;]<\/p>\n","protected":false},"author":1,"featured_media":0,"comment_status":"open","ping_status":"open","sticky":false,"template":"","format":"standard","meta":{"_acf_changed":false,"om_disable_all_campaigns":false,"footnotes":""},"categories":[306],"tags":[],"class_list":["post-3383","post","type-post","status-publish","format-standard","hentry","category-convocacoes"],"acf":[],"yoast_head":"<!-- This site is optimized with the Yoast SEO plugin v27.3 - https:\/\/yoast.com\/product\/yoast-seo-wordpress\/ -->\n<title>Convoca\u00e7\u00e3o de Assembleia Geral Extraordin\u00e1ria - 2025 - NUMAR-SCB<\/title>\n<meta name=\"robots\" content=\"index, follow, max-snippet:-1, max-image-preview:large, max-video-preview:-1\" \/>\n<link rel=\"canonical\" href=\"https:\/\/scb.org.br\/numar\/convocacoes\/convocacao-assembleia-geral-extraordinaria-2025\/\" \/>\n<meta property=\"og:locale\" content=\"pt_BR\" \/>\n<meta property=\"og:type\" content=\"article\" \/>\n<meta property=\"og:title\" content=\"Convoca\u00e7\u00e3o de Assembleia Geral Extraordin\u00e1ria - 2025 - NUMAR-SCB\" \/>\n<meta property=\"og:description\" content=\"Pelo presente e nos termos do Art. 53 da Lei federal n\u00b0 10.406 de 10\/01\/2002, e do art. 13\u00ba do Estatuto do desta Associa\u00e7\u00e3o, CONVOCAMOS todos os associados fundadores e tamb\u00e9m regulares, em pleno gozo de seus direitos estatut\u00e1rios, para a reuni\u00e3o de Assembleia Geral Extraordin\u00e1ria NUMAR-SCB, a realizar-se na Sede do NUMAR-SCB (Av. Mario [&hellip;]\" \/>\n<meta property=\"og:url\" content=\"https:\/\/scb.org.br\/numar\/convocacoes\/convocacao-assembleia-geral-extraordinaria-2025\/\" \/>\n<meta property=\"og:site_name\" content=\"NUMAR-SCB\" \/>\n<meta property=\"article:published_time\" content=\"2025-09-05T04:16:22+00:00\" \/>\n<meta property=\"article:modified_time\" content=\"2025-09-05T04:19:32+00:00\" \/>\n<meta name=\"author\" content=\"Anderson Grudtner Martins\" \/>\n<meta name=\"twitter:card\" content=\"summary_large_image\" \/>\n<meta name=\"twitter:label1\" content=\"Escrito por\" \/>\n\t<meta name=\"twitter:data1\" content=\"Anderson Grudtner Martins\" \/>\n\t<meta name=\"twitter:label2\" content=\"Est. tempo de leitura\" \/>\n\t<meta name=\"twitter:data2\" content=\"1 minuto\" \/>\n<script type=\"application\/ld+json\" class=\"yoast-schema-graph\">{\"@context\":\"https:\\\/\\\/schema.org\",\"@graph\":[{\"@type\":\"Article\",\"@id\":\"https:\\\/\\\/scb.org.br\\\/numar\\\/convocacoes\\\/convocacao-assembleia-geral-extraordinaria-2025\\\/#article\",\"isPartOf\":{\"@id\":\"https:\\\/\\\/scb.org.br\\\/numar\\\/convocacoes\\\/convocacao-assembleia-geral-extraordinaria-2025\\\/\"},\"author\":{\"name\":\"Anderson Martins\",\"@id\":\"https:\\\/\\\/scb.org.br\\\/numar\\\/#\\\/schema\\\/person\\\/4d6deddebdde79d0d806a51ce7b3a7d3\"},\"headline\":\"Convoca\u00e7\u00e3o de Assembleia Geral Extraordin\u00e1ria - 2025\",\"datePublished\":\"2025-09-05T04:16:22+00:00\",\"dateModified\":\"2025-09-05T04:19:32+00:00\",\"mainEntityOfPage\":{\"@id\":\"https:\\\/\\\/scb.org.br\\\/numar\\\/convocacoes\\\/convocacao-assembleia-geral-extraordinaria-2025\\\/\"},\"wordCount\":164,\"commentCount\":0,\"publisher\":{\"@id\":\"https:\\\/\\\/scb.org.br\\\/numar\\\/#organization\"},\"articleSection\":[\"Convoca\u00e7\u00f5es\"],\"inLanguage\":\"pt-BR\",\"potentialAction\":[{\"@type\":\"CommentAction\",\"name\":\"Comment\",\"target\":[\"https:\\\/\\\/scb.org.br\\\/numar\\\/convocacoes\\\/convocacao-assembleia-geral-extraordinaria-2025\\\/#respond\"]}]},{\"@type\":\"WebPage\",\"@id\":\"https:\\\/\\\/scb.org.br\\\/numar\\\/convocacoes\\\/convocacao-assembleia-geral-extraordinaria-2025\\\/\",\"url\":\"https:\\\/\\\/scb.org.br\\\/numar\\\/convocacoes\\\/convocacao-assembleia-geral-extraordinaria-2025\\\/\",\"name\":\"Convoca\u00e7\u00e3o de Assembleia Geral Extraordin\u00e1ria - 2025 - NUMAR-SCB\",\"isPartOf\":{\"@id\":\"https:\\\/\\\/scb.org.br\\\/numar\\\/#website\"},\"datePublished\":\"2025-09-05T04:16:22+00:00\",\"dateModified\":\"2025-09-05T04:19:32+00:00\",\"breadcrumb\":{\"@id\":\"https:\\\/\\\/scb.org.br\\\/numar\\\/convocacoes\\\/convocacao-assembleia-geral-extraordinaria-2025\\\/#breadcrumb\"},\"inLanguage\":\"pt-BR\",\"potentialAction\":[{\"@type\":\"ReadAction\",\"target\":[\"https:\\\/\\\/scb.org.br\\\/numar\\\/convocacoes\\\/convocacao-assembleia-geral-extraordinaria-2025\\\/\"]}]},{\"@type\":\"BreadcrumbList\",\"@id\":\"https:\\\/\\\/scb.org.br\\\/numar\\\/convocacoes\\\/convocacao-assembleia-geral-extraordinaria-2025\\\/#breadcrumb\",\"itemListElement\":[{\"@type\":\"ListItem\",\"position\":1,\"name\":\"P\u00e1gina Inicial\",\"item\":\"https:\\\/\\\/scb.org.br\\\/numar\\\/\"},{\"@type\":\"ListItem\",\"position\":2,\"name\":\"Convoca\u00e7\u00e3o de Assembleia Geral Extraordin\u00e1ria - 2025\"}]},{\"@type\":\"WebSite\",\"@id\":\"https:\\\/\\\/scb.org.br\\\/numar\\\/#website\",\"url\":\"https:\\\/\\\/scb.org.br\\\/numar\\\/\",\"name\":\"NUMAR-SCB\",\"description\":\"N\u00facleo Maringaense da Sociedade Criacionista Brasileira\",\"publisher\":{\"@id\":\"https:\\\/\\\/scb.org.br\\\/numar\\\/#organization\"},\"potentialAction\":[{\"@type\":\"SearchAction\",\"target\":{\"@type\":\"EntryPoint\",\"urlTemplate\":\"https:\\\/\\\/scb.org.br\\\/numar\\\/?s={search_term_string}\"},\"query-input\":{\"@type\":\"PropertyValueSpecification\",\"valueRequired\":true,\"valueName\":\"search_term_string\"}}],\"inLanguage\":\"pt-BR\"},{\"@type\":\"Organization\",\"@id\":\"https:\\\/\\\/scb.org.br\\\/numar\\\/#organization\",\"name\":\"NUMAR-SCB - N\u00facleo Maringaense da Sociedade Criacionista Brasileira\",\"url\":\"https:\\\/\\\/scb.org.br\\\/numar\\\/\",\"logo\":{\"@type\":\"ImageObject\",\"inLanguage\":\"pt-BR\",\"@id\":\"https:\\\/\\\/scb.org.br\\\/numar\\\/#\\\/schema\\\/logo\\\/image\\\/\",\"url\":\"https:\\\/\\\/scb.org.br\\\/numar\\\/wp-content\\\/uploads\\\/sites\\\/6\\\/2020\\\/05\\\/logo-1.png\",\"contentUrl\":\"https:\\\/\\\/scb.org.br\\\/numar\\\/wp-content\\\/uploads\\\/sites\\\/6\\\/2020\\\/05\\\/logo-1.png\",\"width\":248,\"height\":263,\"caption\":\"NUMAR-SCB - N\u00facleo Maringaense da Sociedade Criacionista Brasileira\"},\"image\":{\"@id\":\"https:\\\/\\\/scb.org.br\\\/numar\\\/#\\\/schema\\\/logo\\\/image\\\/\"}},{\"@type\":\"Person\",\"@id\":\"https:\\\/\\\/scb.org.br\\\/numar\\\/#\\\/schema\\\/person\\\/4d6deddebdde79d0d806a51ce7b3a7d3\",\"name\":\"Anderson Martins\",\"image\":{\"@type\":\"ImageObject\",\"inLanguage\":\"pt-BR\",\"@id\":\"https:\\\/\\\/secure.gravatar.com\\\/avatar\\\/9afbb652eeef3c42b50c32bb6162c12b7b7fcfb316ebef0bc91a8f26355f7506?s=96&d=mm&r=g3a8555afde80b05f493114bef764b5a5\",\"url\":\"https:\\\/\\\/secure.gravatar.com\\\/avatar\\\/9afbb652eeef3c42b50c32bb6162c12b7b7fcfb316ebef0bc91a8f26355f7506?s=96&d=mm&r=g\",\"contentUrl\":\"https:\\\/\\\/secure.gravatar.com\\\/avatar\\\/9afbb652eeef3c42b50c32bb6162c12b7b7fcfb316ebef0bc91a8f26355f7506?s=96&d=mm&r=g\",\"caption\":\"Anderson Martins\"}}]}<\/script>\n<!-- \/ Yoast SEO plugin. -->","yoast_head_json":{"title":"Convoca\u00e7\u00e3o de Assembleia Geral Extraordin\u00e1ria - 2025 - NUMAR-SCB","robots":{"index":"index","follow":"follow","max-snippet":"max-snippet:-1","max-image-preview":"max-image-preview:large","max-video-preview":"max-video-preview:-1"},"canonical":"https:\/\/scb.org.br\/numar\/convocacoes\/convocacao-assembleia-geral-extraordinaria-2025\/","og_locale":"pt_BR","og_type":"article","og_title":"Convoca\u00e7\u00e3o de Assembleia Geral Extraordin\u00e1ria - 2025 - NUMAR-SCB","og_description":"Pelo presente e nos termos do Art. 53 da Lei federal n\u00b0 10.406 de 10\/01\/2002, e do art. 13\u00ba do Estatuto do desta Associa\u00e7\u00e3o, CONVOCAMOS todos os associados fundadores e tamb\u00e9m regulares, em pleno gozo de seus direitos estatut\u00e1rios, para a reuni\u00e3o de Assembleia Geral Extraordin\u00e1ria NUMAR-SCB, a realizar-se na Sede do NUMAR-SCB (Av. Mario [&hellip;]","og_url":"https:\/\/scb.org.br\/numar\/convocacoes\/convocacao-assembleia-geral-extraordinaria-2025\/","og_site_name":"NUMAR-SCB","article_published_time":"2025-09-05T04:16:22+00:00","article_modified_time":"2025-09-05T04:19:32+00:00","author":"Anderson Grudtner Martins","twitter_card":"summary_large_image","twitter_misc":{"Escrito por":"Anderson Grudtner Martins","Est. tempo de leitura":"1 minuto"},"schema":{"@context":"https:\/\/schema.org","@graph":[{"@type":"Article","@id":"https:\/\/scb.org.br\/numar\/convocacoes\/convocacao-assembleia-geral-extraordinaria-2025\/#article","isPartOf":{"@id":"https:\/\/scb.org.br\/numar\/convocacoes\/convocacao-assembleia-geral-extraordinaria-2025\/"},"author":{"name":"Anderson Martins","@id":"https:\/\/scb.org.br\/numar\/#\/schema\/person\/4d6deddebdde79d0d806a51ce7b3a7d3"},"headline":"Convoca\u00e7\u00e3o de Assembleia Geral Extraordin\u00e1ria - 2025","datePublished":"2025-09-05T04:16:22+00:00","dateModified":"2025-09-05T04:19:32+00:00","mainEntityOfPage":{"@id":"https:\/\/scb.org.br\/numar\/convocacoes\/convocacao-assembleia-geral-extraordinaria-2025\/"},"wordCount":164,"commentCount":0,"publisher":{"@id":"https:\/\/scb.org.br\/numar\/#organization"},"articleSection":["Convoca\u00e7\u00f5es"],"inLanguage":"pt-BR","potentialAction":[{"@type":"CommentAction","name":"Comment","target":["https:\/\/scb.org.br\/numar\/convocacoes\/convocacao-assembleia-geral-extraordinaria-2025\/#respond"]}]},{"@type":"WebPage","@id":"https:\/\/scb.org.br\/numar\/convocacoes\/convocacao-assembleia-geral-extraordinaria-2025\/","url":"https:\/\/scb.org.br\/numar\/convocacoes\/convocacao-assembleia-geral-extraordinaria-2025\/","name":"Convoca\u00e7\u00e3o de Assembleia Geral Extraordin\u00e1ria - 2025 - NUMAR-SCB","isPartOf":{"@id":"https:\/\/scb.org.br\/numar\/#website"},"datePublished":"2025-09-05T04:16:22+00:00","dateModified":"2025-09-05T04:19:32+00:00","breadcrumb":{"@id":"https:\/\/scb.org.br\/numar\/convocacoes\/convocacao-assembleia-geral-extraordinaria-2025\/#breadcrumb"},"inLanguage":"pt-BR","potentialAction":[{"@type":"ReadAction","target":["https:\/\/scb.org.br\/numar\/convocacoes\/convocacao-assembleia-geral-extraordinaria-2025\/"]}]},{"@type":"BreadcrumbList","@id":"https:\/\/scb.org.br\/numar\/convocacoes\/convocacao-assembleia-geral-extraordinaria-2025\/#breadcrumb","itemListElement":[{"@type":"ListItem","position":1,"name":"P\u00e1gina Inicial","item":"https:\/\/scb.org.br\/numar\/"},{"@type":"ListItem","position":2,"name":"Convoca\u00e7\u00e3o de Assembleia Geral Extraordin\u00e1ria - 2025"}]},{"@type":"WebSite","@id":"https:\/\/scb.org.br\/numar\/#website","url":"https:\/\/scb.org.br\/numar\/","name":"NUMAR-SCB","description":"N\u00facleo Maringaense da Sociedade Criacionista Brasileira","publisher":{"@id":"https:\/\/scb.org.br\/numar\/#organization"},"potentialAction":[{"@type":"SearchAction","target":{"@type":"EntryPoint","urlTemplate":"https:\/\/scb.org.br\/numar\/?s={search_term_string}"},"query-input":{"@type":"PropertyValueSpecification","valueRequired":true,"valueName":"search_term_string"}}],"inLanguage":"pt-BR"},{"@type":"Organization","@id":"https:\/\/scb.org.br\/numar\/#organization","name":"NUMAR-SCB - N\u00facleo Maringaense da Sociedade Criacionista Brasileira","url":"https:\/\/scb.org.br\/numar\/","logo":{"@type":"ImageObject","inLanguage":"pt-BR","@id":"https:\/\/scb.org.br\/numar\/#\/schema\/logo\/image\/","url":"https:\/\/scb.org.br\/numar\/wp-content\/uploads\/sites\/6\/2020\/05\/logo-1.png","contentUrl":"https:\/\/scb.org.br\/numar\/wp-content\/uploads\/sites\/6\/2020\/05\/logo-1.png","width":248,"height":263,"caption":"NUMAR-SCB - N\u00facleo Maringaense da Sociedade Criacionista Brasileira"},"image":{"@id":"https:\/\/scb.org.br\/numar\/#\/schema\/logo\/image\/"}},{"@type":"Person","@id":"https:\/\/scb.org.br\/numar\/#\/schema\/person\/4d6deddebdde79d0d806a51ce7b3a7d3","name":"Anderson Martins","image":{"@type":"ImageObject","inLanguage":"pt-BR","@id":"https:\/\/secure.gravatar.com\/avatar\/9afbb652eeef3c42b50c32bb6162c12b7b7fcfb316ebef0bc91a8f26355f7506?s=96&d=mm&r=g3a8555afde80b05f493114bef764b5a5","url":"https:\/\/secure.gravatar.com\/avatar\/9afbb652eeef3c42b50c32bb6162c12b7b7fcfb316ebef0bc91a8f26355f7506?s=96&d=mm&r=g","contentUrl":"https:\/\/secure.gravatar.com\/avatar\/9afbb652eeef3c42b50c32bb6162c12b7b7fcfb316ebef0bc91a8f26355f7506?s=96&d=mm&r=g","caption":"Anderson Martins"}}]}},"authors":[],"_links":{"self":[{"href":"https:\/\/scb.org.br\/numar\/wp-json\/wp\/v2\/posts\/3383","targetHints":{"allow":["GET"]}}],"collection":[{"href":"https:\/\/scb.org.br\/numar\/wp-json\/wp\/v2\/posts"}],"about":[{"href":"https:\/\/scb.org.br\/numar\/wp-json\/wp\/v2\/types\/post"}],"author":[{"embeddable":true,"href":"https:\/\/scb.org.br\/numar\/wp-json\/wp\/v2\/users\/1"}],"replies":[{"embeddable":true,"href":"https:\/\/scb.org.br\/numar\/wp-json\/wp\/v2\/comments?post=3383"}],"version-history":[{"count":3,"href":"https:\/\/scb.org.br\/numar\/wp-json\/wp\/v2\/posts\/3383\/revisions"}],"predecessor-version":[{"id":3387,"href":"https:\/\/scb.org.br\/numar\/wp-json\/wp\/v2\/posts\/3383\/revisions\/3387"}],"wp:attachment":[{"href":"https:\/\/scb.org.br\/numar\/wp-json\/wp\/v2\/media?parent=3383"}],"wp:term":[{"taxonomy":"category","embeddable":true,"href":"https:\/\/scb.org.br\/numar\/wp-json\/wp\/v2\/categories?post=3383"},{"taxonomy":"post_tag","embeddable":true,"href":"https:\/\/scb.org.br\/numar\/wp-json\/wp\/v2\/tags?post=3383"}],"curies":[{"name":"wp","href":"https:\/\/api.w.org\/{rel}","templated":true}]}}