{"id":3297,"date":"2022-08-19T16:56:19","date_gmt":"2022-08-19T19:56:19","guid":{"rendered":"https:\/\/scb.org.br\/numar\/?p=3297"},"modified":"2025-09-05T01:20:35","modified_gmt":"2025-09-05T04:20:35","slug":"convocacao-de-assembleia-geral-extraordinaria","status":"publish","type":"post","link":"https:\/\/scb.org.br\/numar\/convocacoes\/convocacao-de-assembleia-geral-extraordinaria\/","title":{"rendered":"Convoca\u00e7\u00e3o de Assembleia Geral Extraordin\u00e1ria - 2022"},"content":{"rendered":"<p>Pelo presente e nos termos do Art. 53 da Lei Federal n\u00ba 10.406 de 10\/01\/2002, e do art. 13\u00ba do Estatuto desta Associa\u00e7\u00e3o, CONVOCAMOS todos os associados fundadores e tamb\u00e9m regulares, em pleno gozo de seus direitos estatut\u00e1rios, para a reuni\u00e3o de Assembleia Geral Extraordin\u00e1ria NUMAR-SCB, a realizar-se\u00a0<strong>na sede, Rua Mario Clapier Urbinati, 15, sala 8, Maring\u00e1-PR<\/strong> (CEP 87020-260) no dia\u00a0<strong>26 de agosto (sexta-feira), ano 2022, as 19:00 horas,\u00a0<\/strong>com a seguinte ordem do dia:<\/p>\n<ol>\n<li>An\u00e1lise e admiss\u00e3o de novo membro no Conselho Fiscal que assumir\u00e1 cargo vago;<\/li>\n<li>Organiza\u00e7\u00e3o do evento de lan\u00e7amento do Mang\u00e1 da Kelly Shinozawa e Dr. Thong em setembro, vinda do Dr. Thong \u00e0 Maring\u00e1 e estrat\u00e9gia de marketing do livro; E do curso de Astronomia do S191.<\/li>\n<li>Vota\u00e7\u00e3o para escolher o Presidente do Conselho Consultivo;<\/li>\n<li>An\u00e1lise de relat\u00f3rios de doa\u00e7\u00f5es e caixa do Numar, alinhamento financeiro e presta\u00e7\u00e3o de contas;<\/li>\n<li>Necessidade de implanta\u00e7\u00e3o do projeto de comunica\u00e7\u00e3o entre membros, no treinamento de todos da equipe, atrav\u00e9s de ferramentas de gest\u00e3o de processo de planejamento e cria\u00e7\u00e3o de programa (individual ou em grupos de colaboradores) por meio da (unidade de apoio de T.I);<\/li>\n<li>Apresenta\u00e7\u00e3o do planejamento anual, referente \u00e0 compet\u00eancias dos departamentos do Numar, (observando as agendas da (SCB);\u00a0 (IASD Central Maring\u00e1); (Associa\u00e7\u00e3o Norte Paranaense); (Jocum) e demais atividades e eventos pontuais em institui\u00e7\u00f5es p\u00fablicas ou privadas e municipais.<br \/>\nDiretoria administrativa; planejamento estrat\u00e9gico; Secretaria; Tesouraria; Marketing; Assuntos internacionais; Ensino e Extens\u00e3o; Conselho Fiscal; Clube de Astronomia S191; T.I.<\/li>\n<\/ol>\n<p>OBS: Caso no hor\u00e1rio indicado n\u00e3o tenham comparecido o n\u00famero legal de associados, a assembleia ocorrer\u00e1 meia hora depois, de acordo com o estipulado no par\u00e1grafo \u00fanico do art. 14\u00ba do Estatuto Social, com qualquer n\u00famero de associados presentes.<\/p>\n<p>&nbsp;<\/p>\n<p>Maring\u00e1-PR, 15 de agosto de 2022.<\/p>\n<p>Atenciosamente,<\/p>\n<p>Danilo Camargo de Oliveira<\/p>\n<p><a href=\"https:\/\/scb.org.br\/numar\/wp-content\/uploads\/sites\/6\/2022\/08\/1.-Convocac\u0327a\u0303o-da-Assembleia-Extraordina\u0301ria-2022-Numar-SCB.pdf\">Vers\u00e3o PDF<\/a><\/p>\n","protected":false},"excerpt":{"rendered":"<p>Pelo presente e nos termos do Art. 53 da Lei Federal n\u00ba 10.406 de 10\/01\/2002, e do art. 13\u00ba do Estatuto desta Associa\u00e7\u00e3o, CONVOCAMOS todos os associados fundadores e tamb\u00e9m regulares, em pleno gozo de seus direitos estatut\u00e1rios, para a reuni\u00e3o de Assembleia Geral Extraordin\u00e1ria NUMAR-SCB, a realizar-se\u00a0na sede, Rua Mario Clapier Urbinati, 15, sala [&hellip;]<\/p>\n","protected":false},"author":1,"featured_media":0,"comment_status":"open","ping_status":"open","sticky":false,"template":"","format":"standard","meta":{"_acf_changed":false,"om_disable_all_campaigns":false,"footnotes":""},"categories":[306],"tags":[],"class_list":["post-3297","post","type-post","status-publish","format-standard","hentry","category-convocacoes"],"acf":[],"yoast_head":"<!-- This site is optimized with the Yoast SEO plugin v27.3 - https:\/\/yoast.com\/product\/yoast-seo-wordpress\/ -->\n<title>Convoca\u00e7\u00e3o de Assembleia Geral Extraordin\u00e1ria - 2022 - NUMAR-SCB<\/title>\n<meta name=\"robots\" content=\"index, follow, max-snippet:-1, max-image-preview:large, max-video-preview:-1\" \/>\n<link rel=\"canonical\" href=\"https:\/\/scb.org.br\/numar\/convocacoes\/convocacao-de-assembleia-geral-extraordinaria\/\" \/>\n<meta property=\"og:locale\" content=\"pt_BR\" \/>\n<meta property=\"og:type\" content=\"article\" \/>\n<meta property=\"og:title\" content=\"Convoca\u00e7\u00e3o de Assembleia Geral Extraordin\u00e1ria - 2022 - NUMAR-SCB\" \/>\n<meta property=\"og:description\" content=\"Pelo presente e nos termos do Art. 53 da Lei Federal n\u00ba 10.406 de 10\/01\/2002, e do art. 13\u00ba do Estatuto desta Associa\u00e7\u00e3o, CONVOCAMOS todos os associados fundadores e tamb\u00e9m regulares, em pleno gozo de seus direitos estatut\u00e1rios, para a reuni\u00e3o de Assembleia Geral Extraordin\u00e1ria NUMAR-SCB, a realizar-se\u00a0na sede, Rua Mario Clapier Urbinati, 15, sala [&hellip;]\" \/>\n<meta property=\"og:url\" content=\"https:\/\/scb.org.br\/numar\/convocacoes\/convocacao-de-assembleia-geral-extraordinaria\/\" \/>\n<meta property=\"og:site_name\" content=\"NUMAR-SCB\" \/>\n<meta property=\"article:published_time\" content=\"2022-08-19T19:56:19+00:00\" \/>\n<meta property=\"article:modified_time\" content=\"2025-09-05T04:20:35+00:00\" \/>\n<meta name=\"author\" content=\"Anderson Grudtner Martins\" \/>\n<meta name=\"twitter:card\" content=\"summary_large_image\" \/>\n<meta name=\"twitter:label1\" content=\"Escrito por\" \/>\n\t<meta name=\"twitter:data1\" content=\"Anderson Grudtner Martins\" \/>\n\t<meta name=\"twitter:label2\" content=\"Est. tempo de leitura\" \/>\n\t<meta name=\"twitter:data2\" content=\"2 minutos\" \/>\n<script type=\"application\/ld+json\" class=\"yoast-schema-graph\">{\"@context\":\"https:\\\/\\\/schema.org\",\"@graph\":[{\"@type\":\"Article\",\"@id\":\"https:\\\/\\\/scb.org.br\\\/numar\\\/convocacoes\\\/convocacao-de-assembleia-geral-extraordinaria\\\/#article\",\"isPartOf\":{\"@id\":\"https:\\\/\\\/scb.org.br\\\/numar\\\/convocacoes\\\/convocacao-de-assembleia-geral-extraordinaria\\\/\"},\"author\":{\"name\":\"Anderson Martins\",\"@id\":\"https:\\\/\\\/scb.org.br\\\/numar\\\/#\\\/schema\\\/person\\\/4d6deddebdde79d0d806a51ce7b3a7d3\"},\"headline\":\"Convoca\u00e7\u00e3o de Assembleia Geral Extraordin\u00e1ria - 2022\",\"datePublished\":\"2022-08-19T19:56:19+00:00\",\"dateModified\":\"2025-09-05T04:20:35+00:00\",\"mainEntityOfPage\":{\"@id\":\"https:\\\/\\\/scb.org.br\\\/numar\\\/convocacoes\\\/convocacao-de-assembleia-geral-extraordinaria\\\/\"},\"wordCount\":328,\"commentCount\":0,\"publisher\":{\"@id\":\"https:\\\/\\\/scb.org.br\\\/numar\\\/#organization\"},\"articleSection\":[\"Convoca\u00e7\u00f5es\"],\"inLanguage\":\"pt-BR\",\"potentialAction\":[{\"@type\":\"CommentAction\",\"name\":\"Comment\",\"target\":[\"https:\\\/\\\/scb.org.br\\\/numar\\\/convocacoes\\\/convocacao-de-assembleia-geral-extraordinaria\\\/#respond\"]}]},{\"@type\":\"WebPage\",\"@id\":\"https:\\\/\\\/scb.org.br\\\/numar\\\/convocacoes\\\/convocacao-de-assembleia-geral-extraordinaria\\\/\",\"url\":\"https:\\\/\\\/scb.org.br\\\/numar\\\/convocacoes\\\/convocacao-de-assembleia-geral-extraordinaria\\\/\",\"name\":\"Convoca\u00e7\u00e3o de Assembleia Geral Extraordin\u00e1ria - 2022 - NUMAR-SCB\",\"isPartOf\":{\"@id\":\"https:\\\/\\\/scb.org.br\\\/numar\\\/#website\"},\"datePublished\":\"2022-08-19T19:56:19+00:00\",\"dateModified\":\"2025-09-05T04:20:35+00:00\",\"breadcrumb\":{\"@id\":\"https:\\\/\\\/scb.org.br\\\/numar\\\/convocacoes\\\/convocacao-de-assembleia-geral-extraordinaria\\\/#breadcrumb\"},\"inLanguage\":\"pt-BR\",\"potentialAction\":[{\"@type\":\"ReadAction\",\"target\":[\"https:\\\/\\\/scb.org.br\\\/numar\\\/convocacoes\\\/convocacao-de-assembleia-geral-extraordinaria\\\/\"]}]},{\"@type\":\"BreadcrumbList\",\"@id\":\"https:\\\/\\\/scb.org.br\\\/numar\\\/convocacoes\\\/convocacao-de-assembleia-geral-extraordinaria\\\/#breadcrumb\",\"itemListElement\":[{\"@type\":\"ListItem\",\"position\":1,\"name\":\"P\u00e1gina Inicial\",\"item\":\"https:\\\/\\\/scb.org.br\\\/numar\\\/\"},{\"@type\":\"ListItem\",\"position\":2,\"name\":\"Convoca\u00e7\u00e3o de Assembleia Geral Extraordin\u00e1ria - 2022\"}]},{\"@type\":\"WebSite\",\"@id\":\"https:\\\/\\\/scb.org.br\\\/numar\\\/#website\",\"url\":\"https:\\\/\\\/scb.org.br\\\/numar\\\/\",\"name\":\"NUMAR-SCB\",\"description\":\"N\u00facleo Maringaense da Sociedade Criacionista Brasileira\",\"publisher\":{\"@id\":\"https:\\\/\\\/scb.org.br\\\/numar\\\/#organization\"},\"potentialAction\":[{\"@type\":\"SearchAction\",\"target\":{\"@type\":\"EntryPoint\",\"urlTemplate\":\"https:\\\/\\\/scb.org.br\\\/numar\\\/?s={search_term_string}\"},\"query-input\":{\"@type\":\"PropertyValueSpecification\",\"valueRequired\":true,\"valueName\":\"search_term_string\"}}],\"inLanguage\":\"pt-BR\"},{\"@type\":\"Organization\",\"@id\":\"https:\\\/\\\/scb.org.br\\\/numar\\\/#organization\",\"name\":\"NUMAR-SCB - N\u00facleo Maringaense da Sociedade Criacionista Brasileira\",\"url\":\"https:\\\/\\\/scb.org.br\\\/numar\\\/\",\"logo\":{\"@type\":\"ImageObject\",\"inLanguage\":\"pt-BR\",\"@id\":\"https:\\\/\\\/scb.org.br\\\/numar\\\/#\\\/schema\\\/logo\\\/image\\\/\",\"url\":\"https:\\\/\\\/scb.org.br\\\/numar\\\/wp-content\\\/uploads\\\/sites\\\/6\\\/2020\\\/05\\\/logo-1.png\",\"contentUrl\":\"https:\\\/\\\/scb.org.br\\\/numar\\\/wp-content\\\/uploads\\\/sites\\\/6\\\/2020\\\/05\\\/logo-1.png\",\"width\":248,\"height\":263,\"caption\":\"NUMAR-SCB - N\u00facleo Maringaense da Sociedade Criacionista Brasileira\"},\"image\":{\"@id\":\"https:\\\/\\\/scb.org.br\\\/numar\\\/#\\\/schema\\\/logo\\\/image\\\/\"}},{\"@type\":\"Person\",\"@id\":\"https:\\\/\\\/scb.org.br\\\/numar\\\/#\\\/schema\\\/person\\\/4d6deddebdde79d0d806a51ce7b3a7d3\",\"name\":\"Anderson Martins\",\"image\":{\"@type\":\"ImageObject\",\"inLanguage\":\"pt-BR\",\"@id\":\"https:\\\/\\\/secure.gravatar.com\\\/avatar\\\/9afbb652eeef3c42b50c32bb6162c12b7b7fcfb316ebef0bc91a8f26355f7506?s=96&d=mm&r=g3a8555afde80b05f493114bef764b5a5\",\"url\":\"https:\\\/\\\/secure.gravatar.com\\\/avatar\\\/9afbb652eeef3c42b50c32bb6162c12b7b7fcfb316ebef0bc91a8f26355f7506?s=96&d=mm&r=g\",\"contentUrl\":\"https:\\\/\\\/secure.gravatar.com\\\/avatar\\\/9afbb652eeef3c42b50c32bb6162c12b7b7fcfb316ebef0bc91a8f26355f7506?s=96&d=mm&r=g\",\"caption\":\"Anderson Martins\"}}]}<\/script>\n<!-- \/ Yoast SEO plugin. -->","yoast_head_json":{"title":"Convoca\u00e7\u00e3o de Assembleia Geral Extraordin\u00e1ria - 2022 - NUMAR-SCB","robots":{"index":"index","follow":"follow","max-snippet":"max-snippet:-1","max-image-preview":"max-image-preview:large","max-video-preview":"max-video-preview:-1"},"canonical":"https:\/\/scb.org.br\/numar\/convocacoes\/convocacao-de-assembleia-geral-extraordinaria\/","og_locale":"pt_BR","og_type":"article","og_title":"Convoca\u00e7\u00e3o de Assembleia Geral Extraordin\u00e1ria - 2022 - NUMAR-SCB","og_description":"Pelo presente e nos termos do Art. 53 da Lei Federal n\u00ba 10.406 de 10\/01\/2002, e do art. 13\u00ba do Estatuto desta Associa\u00e7\u00e3o, CONVOCAMOS todos os associados fundadores e tamb\u00e9m regulares, em pleno gozo de seus direitos estatut\u00e1rios, para a reuni\u00e3o de Assembleia Geral Extraordin\u00e1ria NUMAR-SCB, a realizar-se\u00a0na sede, Rua Mario Clapier Urbinati, 15, sala [&hellip;]","og_url":"https:\/\/scb.org.br\/numar\/convocacoes\/convocacao-de-assembleia-geral-extraordinaria\/","og_site_name":"NUMAR-SCB","article_published_time":"2022-08-19T19:56:19+00:00","article_modified_time":"2025-09-05T04:20:35+00:00","author":"Anderson Grudtner Martins","twitter_card":"summary_large_image","twitter_misc":{"Escrito por":"Anderson Grudtner Martins","Est. tempo de leitura":"2 minutos"},"schema":{"@context":"https:\/\/schema.org","@graph":[{"@type":"Article","@id":"https:\/\/scb.org.br\/numar\/convocacoes\/convocacao-de-assembleia-geral-extraordinaria\/#article","isPartOf":{"@id":"https:\/\/scb.org.br\/numar\/convocacoes\/convocacao-de-assembleia-geral-extraordinaria\/"},"author":{"name":"Anderson Martins","@id":"https:\/\/scb.org.br\/numar\/#\/schema\/person\/4d6deddebdde79d0d806a51ce7b3a7d3"},"headline":"Convoca\u00e7\u00e3o de Assembleia Geral Extraordin\u00e1ria - 2022","datePublished":"2022-08-19T19:56:19+00:00","dateModified":"2025-09-05T04:20:35+00:00","mainEntityOfPage":{"@id":"https:\/\/scb.org.br\/numar\/convocacoes\/convocacao-de-assembleia-geral-extraordinaria\/"},"wordCount":328,"commentCount":0,"publisher":{"@id":"https:\/\/scb.org.br\/numar\/#organization"},"articleSection":["Convoca\u00e7\u00f5es"],"inLanguage":"pt-BR","potentialAction":[{"@type":"CommentAction","name":"Comment","target":["https:\/\/scb.org.br\/numar\/convocacoes\/convocacao-de-assembleia-geral-extraordinaria\/#respond"]}]},{"@type":"WebPage","@id":"https:\/\/scb.org.br\/numar\/convocacoes\/convocacao-de-assembleia-geral-extraordinaria\/","url":"https:\/\/scb.org.br\/numar\/convocacoes\/convocacao-de-assembleia-geral-extraordinaria\/","name":"Convoca\u00e7\u00e3o de Assembleia Geral Extraordin\u00e1ria - 2022 - NUMAR-SCB","isPartOf":{"@id":"https:\/\/scb.org.br\/numar\/#website"},"datePublished":"2022-08-19T19:56:19+00:00","dateModified":"2025-09-05T04:20:35+00:00","breadcrumb":{"@id":"https:\/\/scb.org.br\/numar\/convocacoes\/convocacao-de-assembleia-geral-extraordinaria\/#breadcrumb"},"inLanguage":"pt-BR","potentialAction":[{"@type":"ReadAction","target":["https:\/\/scb.org.br\/numar\/convocacoes\/convocacao-de-assembleia-geral-extraordinaria\/"]}]},{"@type":"BreadcrumbList","@id":"https:\/\/scb.org.br\/numar\/convocacoes\/convocacao-de-assembleia-geral-extraordinaria\/#breadcrumb","itemListElement":[{"@type":"ListItem","position":1,"name":"P\u00e1gina Inicial","item":"https:\/\/scb.org.br\/numar\/"},{"@type":"ListItem","position":2,"name":"Convoca\u00e7\u00e3o de Assembleia Geral Extraordin\u00e1ria - 2022"}]},{"@type":"WebSite","@id":"https:\/\/scb.org.br\/numar\/#website","url":"https:\/\/scb.org.br\/numar\/","name":"NUMAR-SCB","description":"N\u00facleo Maringaense da Sociedade Criacionista Brasileira","publisher":{"@id":"https:\/\/scb.org.br\/numar\/#organization"},"potentialAction":[{"@type":"SearchAction","target":{"@type":"EntryPoint","urlTemplate":"https:\/\/scb.org.br\/numar\/?s={search_term_string}"},"query-input":{"@type":"PropertyValueSpecification","valueRequired":true,"valueName":"search_term_string"}}],"inLanguage":"pt-BR"},{"@type":"Organization","@id":"https:\/\/scb.org.br\/numar\/#organization","name":"NUMAR-SCB - N\u00facleo Maringaense da Sociedade Criacionista Brasileira","url":"https:\/\/scb.org.br\/numar\/","logo":{"@type":"ImageObject","inLanguage":"pt-BR","@id":"https:\/\/scb.org.br\/numar\/#\/schema\/logo\/image\/","url":"https:\/\/scb.org.br\/numar\/wp-content\/uploads\/sites\/6\/2020\/05\/logo-1.png","contentUrl":"https:\/\/scb.org.br\/numar\/wp-content\/uploads\/sites\/6\/2020\/05\/logo-1.png","width":248,"height":263,"caption":"NUMAR-SCB - N\u00facleo Maringaense da Sociedade Criacionista Brasileira"},"image":{"@id":"https:\/\/scb.org.br\/numar\/#\/schema\/logo\/image\/"}},{"@type":"Person","@id":"https:\/\/scb.org.br\/numar\/#\/schema\/person\/4d6deddebdde79d0d806a51ce7b3a7d3","name":"Anderson Martins","image":{"@type":"ImageObject","inLanguage":"pt-BR","@id":"https:\/\/secure.gravatar.com\/avatar\/9afbb652eeef3c42b50c32bb6162c12b7b7fcfb316ebef0bc91a8f26355f7506?s=96&d=mm&r=g3a8555afde80b05f493114bef764b5a5","url":"https:\/\/secure.gravatar.com\/avatar\/9afbb652eeef3c42b50c32bb6162c12b7b7fcfb316ebef0bc91a8f26355f7506?s=96&d=mm&r=g","contentUrl":"https:\/\/secure.gravatar.com\/avatar\/9afbb652eeef3c42b50c32bb6162c12b7b7fcfb316ebef0bc91a8f26355f7506?s=96&d=mm&r=g","caption":"Anderson Martins"}}]}},"authors":[],"_links":{"self":[{"href":"https:\/\/scb.org.br\/numar\/wp-json\/wp\/v2\/posts\/3297","targetHints":{"allow":["GET"]}}],"collection":[{"href":"https:\/\/scb.org.br\/numar\/wp-json\/wp\/v2\/posts"}],"about":[{"href":"https:\/\/scb.org.br\/numar\/wp-json\/wp\/v2\/types\/post"}],"author":[{"embeddable":true,"href":"https:\/\/scb.org.br\/numar\/wp-json\/wp\/v2\/users\/1"}],"replies":[{"embeddable":true,"href":"https:\/\/scb.org.br\/numar\/wp-json\/wp\/v2\/comments?post=3297"}],"version-history":[{"count":5,"href":"https:\/\/scb.org.br\/numar\/wp-json\/wp\/v2\/posts\/3297\/revisions"}],"predecessor-version":[{"id":3389,"href":"https:\/\/scb.org.br\/numar\/wp-json\/wp\/v2\/posts\/3297\/revisions\/3389"}],"wp:attachment":[{"href":"https:\/\/scb.org.br\/numar\/wp-json\/wp\/v2\/media?parent=3297"}],"wp:term":[{"taxonomy":"category","embeddable":true,"href":"https:\/\/scb.org.br\/numar\/wp-json\/wp\/v2\/categories?post=3297"},{"taxonomy":"post_tag","embeddable":true,"href":"https:\/\/scb.org.br\/numar\/wp-json\/wp\/v2\/tags?post=3297"}],"curies":[{"name":"wp","href":"https:\/\/api.w.org\/{rel}","templated":true}]}}