{"id":3077,"date":"2019-07-12T19:08:23","date_gmt":"2019-07-12T22:08:23","guid":{"rendered":"https:\/\/numar.scb.org.br\/?p=3077"},"modified":"2019-07-12T19:08:23","modified_gmt":"2019-07-12T22:08:23","slug":"maringa-sedia-simposio-universitario-origem-dos-povos","status":"publish","type":"post","link":"https:\/\/scb.org.br\/numar\/sala-de-imprensa\/maringa-sedia-simposio-universitario-origem-dos-povos\/","title":{"rendered":"Maring\u00e1 sedia Simp\u00f3sio  Origem dos Povos e a Torre de Babel"},"content":{"rendered":"\n<p><strong>Maring\u00e1<a href=\"https:\/\/numar.scb.org.br\/wp-admin\/post.php?post=2390&amp;action=edit\"> sedia Simp\u00f3sio Origem dos Povos<\/a><\/strong> e a torre de Babel<\/p>\n\n\n\n<ul class=\"wp-block-gallery columns-1 is-cropped wp-block-gallery-1 is-layout-flex wp-block-gallery-is-layout-flex\"><li class=\"blocks-gallery-item\"><figure><img decoding=\"async\" src=\"https:\/\/numar.scb.org.br\/wp-content\/uploads\/2019\/07\/torre-de-babel.jpg\" alt=\"\" data-id=\"3090\" data-link=\"https:\/\/numar.scb.org.br\/noticias\/sala-de-imprensa\/maringa-sedia-simposio-universitario-origem-dos-povos\/attachment\/torre-de-babel\/\" class=\"wp-image-3090\" \/><\/figure><\/li><\/ul>\n\n\n\n<p>Maring\u00e1 sedia, nos dia 9 e 10 de Agosto, o Simp\u00f3sio \u201cOrigem dos Povos e a Torre de Babel\u201d. O encontro acontece a partir das 19:30 hr no dia 9 e 16:30 hr no dia 10. O evento ser\u00e1 realizado no audit\u00f3rio localizado na Avenida XV de Novembro, n\u00famero 845  em Maring\u00e1-PR. <\/p>\n\n\n\n<p>As investiga\u00e7\u00f5es sobre a origem dos povos e da vida s\u00e3o um tema crescente e atual no meio acad\u00eamico. Teorias  t\u00eam sido significativamente questionadas, como a teoria da origem dos povos, da exist\u00eancia de diferentes idiomas e da poss\u00edvel ancestralidade comum entre o homem e primatas. O evento ser\u00e1 realizado pelo N\u00facleo Maringaense da Sociedade Criacionista Brasileira (Numar-SCB) e contar\u00e1 com palestrantes nacionais e internacionais conceituados na \u00e1rea da hist\u00f3ria, Antropologia e Arqueologia Forense. <\/p>\n\n\n\n<p>O evento \u00e9 uma oportunidade imperd\u00edvel para a comunidade acad\u00eamica e interessados no tema trocar informa\u00e7\u00f5es, aprofundar e atualizar conhecimentos, conhecer cientistas engajados em um evento voltado para a constru\u00e7\u00e3o do conhecimento e incentivo do pensamento reflexivo.<\/p>\n\n\n\n<p><strong>Sobre os Palestrantes<\/strong><\/p>\n\n\n\n<p><strong>Dr. Thong Chan Kei<\/strong><\/p>\n\n\n\n<p><br>\nO Dr. Thong \u00e9 membro da equipe da Singapore Cru\nh\u00e1 40 anos e co-fundador e CEO da Lideran\u00e7a Desenvolvimento Internacional\n(LDi), bem como autor do livro &nbsp;\u201cF\u00e9 de nossos pais - encontrar Deus na China antiga\u201d. Sob sua lideran\u00e7a, a LDi tornou-se um dos sistemas mais\ninfluentes na educa\u00e7\u00e3o internacional com 7 escolas na China e 1 no Oriente\nM\u00e9dio, empregando mais de 800 pessoas com um or\u00e7amento anual de mais de 35\nmilh\u00f5es de USD. Ao liderar a LDi, a CK tamb\u00e9m impactou muitos l\u00edderes\nempresariais chineses. Seu trabalho, Faith of Our Fathers foi publicado pela\nprimeira vez em 2005 em Pequim, o primeiro livro evang\u00e9lico publicado na China\ncontinental desde 1949. O ingl\u00eas (2006), o alem\u00e3o (2008), Coreano (2009) e uma\nadapta\u00e7\u00e3o japonesa (2016) foram publicados posteriormente. O Dr. Thong tem sido\nativo no minist\u00e9rio da igreja local servindo em papel de lideran\u00e7a em uma\nIgreja Metodista em Cingapura, uma Igreja Batista nas Filipinas, uma Igreja\nEvang\u00e9lica Independente em Hong Kong, uma Igreja Presbiteriana na Calif\u00f3rnia,\numa Igreja Internacional em Pequim, etc. Ele tamb\u00e9m fundou uma s\u00e9rie de Igrejas\nlocais da casa em Beijing. Ele possui um Diploma T\u00e9cnico da Universidade\nPolit\u00e9cnica de Singapura (1976), Bacharelado em Ci\u00eancias em Administra\u00e7\u00e3o da\nUniversidade do Estado de Nova York (1985), Mestre em Artes em Estudos B\u00edblicos\nde a Escola Internacional de Teologia (1986), Mestre em Administra\u00e7\u00e3o de\nEmpresas do Estado da Calif\u00f3rnia University (1987) e doutorado honor\u00e1rio da\nTrinity Western University (2008). Ele se aposentou do CEO da LDi em 2013.\nAgora ele se dedica profissionalmente no ensino de lideran\u00e7a oferecendo cursos\nonline pelo programa Master of Arts in Leadership da Trinity Western\nUniversity. O resto do seu o tempo se dedica na atividade de mentoria para\nl\u00edderes da China e do Oriente M\u00e9dio.<\/p>\n\n\n\n<p><strong>Dr. Fabio Augusto Darius<\/strong><\/p>\n\n\n\n<p>Bacharel em Hist\u00f3ria pela Funda\u00e7\u00e3o Universidade Regional de Blumenau (FURB),Mestre e Doutor em Teologia pela Escola Superior de Teologia de S\u00e3o Leopoldo, na \u00e1rea de Teologia e Hist\u00f3ria (2014\/1) e pesquisador de Hist\u00f3ria da Igreja. Possui mestrado nessa mesma institui\u00e7\u00e3o (2010\/1) e gradua\u00e7\u00e3o em Hist\u00f3ria pela Funda\u00e7\u00e3o Universidade Regional de Blumenau FURB (2006\/2). Docente no Centro Universit\u00e1rio Adventista de S\u00e3o Paulo, campus Engenheiro Coelho, no Mestrado Profissional em Educa\u00e7\u00e3o, Faculdade Adventista de Teologia (FAT) e Licenciatura em Hist\u00f3ria.<\/p>\n\n\n\n<p><strong>Dra. Rogeria Maria Ventura<\/strong><\/p>\n\n\n\n<p>Possui gradua\u00e7\u00e3o em Ci\u00eancias Biol\u00f3gicas - Modalidade An\u00e1lises Cl\u00ednicas pela Universidade S\u00e3o Judas Tadeu (1994) e doutorado em Ci\u00eancias (Biologia da Rela\u00e7\u00e3o Pat\u00f3geno-Hospedeiro) pelo ICB II (Instituto de Ci\u00eancias Biom\u00e9dicas) da USP (Universidade de S\u00e3o Paulo) (2001). Possui tamb\u00e9m forma\u00e7\u00e3o espec\u00edfica na \u00e1rea forense, em Entomologia, Gen\u00e9tica e Per\u00edcia Judicial, al\u00e9m de forma\u00e7\u00e3o em Doc\u00eancia e Tutoria no EAD. \u00c9 membro da Sociedade Brasileira do Design Inteligente, faz parte do corpo editorial do Peri\u00f3dico Atas de Ci\u00eancias da Sa\u00fade e revisora desta e da Revista Brasileira de An\u00e1lises Cl\u00ednicas. Atualmente \u00e9 professora doutora no curso de Biomedicina na FMU (Faculdades Metropolitanas Unidas), L\u00edder em Extens\u00e3o e Responsabilidade Social da Escola da Sa\u00fade da FMU e Coordenadora do curso de P\u00f3s-Gradua\u00e7\u00e3o Lato Sensu em Ci\u00eancias Forenses na UNASP (Centro Universit\u00e1rio Adventista de S\u00e3o Paulo). Atuou, recentemente, como pesquisadora volunt\u00e1ria na etapa de curadoria no CAAF-Unifesp (Centro de Antropologia e Arqueologia Forense da Universidade Federal de S\u00e3o Paulo), vinculado ao PNUD (Programa da ONU para o desenvolvimento) e SDH\/CEMDP (Secretaria de Direitos Humanos da Presid\u00eancia da Rep\u00fablica \/ Comiss\u00e3o Especial sobre Mortos e Desaparecidos Pol\u00edticos - GTP (Grupo de Trabalho Perus).<\/p>\n\n\n\n<p>Informa\u00e7\u00f5es sobre o evento:<\/p>\n\n\n\n<p>numar.scb@gmail.com<\/p>\n\n\n\n<p>044 9 9706 7307 <\/p>\n\n\n\n<p>Link para inscri\u00e7\u00e3o do evento:  https:\/\/www.even3.com.br\/origempovos <\/p>\n\n\n\n<ul class=\"wp-block-gallery columns-0 is-cropped wp-block-gallery-2 is-layout-flex wp-block-gallery-is-layout-flex\"><\/ul>\n\n\n\n<p><\/p>\n","protected":false},"excerpt":{"rendered":"<p>Maring\u00e1 sedia Simp\u00f3sio Origem dos Povos e a torre de Babel Maring\u00e1 sedia, nos dia 9 e 10 de Agosto, o Simp\u00f3sio \u201cOrigem dos Povos e a Torre de Babel\u201d. O encontro acontece a partir das 19:30 hr no dia 9 e 16:30 hr no dia 10. O evento ser\u00e1 realizado no audit\u00f3rio localizado na [&hellip;]<\/p>\n","protected":false},"author":1624,"featured_media":0,"comment_status":"closed","ping_status":"open","sticky":false,"template":"","format":"standard","meta":{"_acf_changed":false,"om_disable_all_campaigns":false,"footnotes":""},"categories":[191,182],"tags":[],"class_list":["post-3077","post","type-post","status-publish","format-standard","hentry","category-press-release","category-sala-de-imprensa"],"acf":[],"yoast_head":"<!-- This site is optimized with the Yoast SEO plugin v27.3 - https:\/\/yoast.com\/product\/yoast-seo-wordpress\/ -->\n<title>Maring\u00e1 sedia Simp\u00f3sio Origem dos Povos e a Torre de Babel - NUMAR-SCB<\/title>\n<meta name=\"robots\" content=\"index, follow, max-snippet:-1, max-image-preview:large, max-video-preview:-1\" \/>\n<link rel=\"canonical\" href=\"https:\/\/scb.org.br\/numar\/sala-de-imprensa\/maringa-sedia-simposio-universitario-origem-dos-povos\/\" \/>\n<meta property=\"og:locale\" content=\"pt_BR\" \/>\n<meta property=\"og:type\" content=\"article\" \/>\n<meta property=\"og:title\" content=\"Maring\u00e1 sedia Simp\u00f3sio Origem dos Povos e a Torre de Babel - NUMAR-SCB\" \/>\n<meta property=\"og:description\" content=\"Maring\u00e1 sedia Simp\u00f3sio Origem dos Povos e a torre de Babel Maring\u00e1 sedia, nos dia 9 e 10 de Agosto, o Simp\u00f3sio \u201cOrigem dos Povos e a Torre de Babel\u201d. O encontro acontece a partir das 19:30 hr no dia 9 e 16:30 hr no dia 10. O evento ser\u00e1 realizado no audit\u00f3rio localizado na [&hellip;]\" \/>\n<meta property=\"og:url\" content=\"https:\/\/scb.org.br\/numar\/sala-de-imprensa\/maringa-sedia-simposio-universitario-origem-dos-povos\/\" \/>\n<meta property=\"og:site_name\" content=\"NUMAR-SCB\" \/>\n<meta property=\"article:published_time\" content=\"2019-07-12T22:08:23+00:00\" \/>\n<meta property=\"og:image\" content=\"https:\/\/numar.scb.org.br\/wp-content\/uploads\/2019\/07\/torre-de-babel.jpg\" \/>\n<meta name=\"author\" content=\"Thomas\" \/>\n<meta name=\"twitter:card\" content=\"summary_large_image\" \/>\n<meta name=\"twitter:label1\" content=\"Escrito por\" \/>\n\t<meta name=\"twitter:data1\" content=\"Thomas\" \/>\n\t<meta name=\"twitter:label2\" content=\"Est. tempo de leitura\" \/>\n\t<meta name=\"twitter:data2\" content=\"4 minutos\" \/>\n<script type=\"application\/ld+json\" class=\"yoast-schema-graph\">{\"@context\":\"https:\\\/\\\/schema.org\",\"@graph\":[{\"@type\":\"Article\",\"@id\":\"https:\\\/\\\/scb.org.br\\\/numar\\\/sala-de-imprensa\\\/maringa-sedia-simposio-universitario-origem-dos-povos\\\/#article\",\"isPartOf\":{\"@id\":\"https:\\\/\\\/scb.org.br\\\/numar\\\/sala-de-imprensa\\\/maringa-sedia-simposio-universitario-origem-dos-povos\\\/\"},\"author\":{\"name\":\"Thomas\",\"@id\":\"https:\\\/\\\/scb.org.br\\\/numar\\\/#\\\/schema\\\/person\\\/8146d32aaf1e86bd448bdce5b93f2e73\"},\"headline\":\"Maring\u00e1 sedia Simp\u00f3sio Origem dos Povos e a Torre de Babel\",\"datePublished\":\"2019-07-12T22:08:23+00:00\",\"mainEntityOfPage\":{\"@id\":\"https:\\\/\\\/scb.org.br\\\/numar\\\/sala-de-imprensa\\\/maringa-sedia-simposio-universitario-origem-dos-povos\\\/\"},\"wordCount\":851,\"publisher\":{\"@id\":\"https:\\\/\\\/scb.org.br\\\/numar\\\/#organization\"},\"image\":{\"@id\":\"https:\\\/\\\/scb.org.br\\\/numar\\\/sala-de-imprensa\\\/maringa-sedia-simposio-universitario-origem-dos-povos\\\/#primaryimage\"},\"thumbnailUrl\":\"https:\\\/\\\/numar.scb.org.br\\\/wp-content\\\/uploads\\\/2019\\\/07\\\/torre-de-babel.jpg\",\"articleSection\":[\"Press Release\",\"Sala de Imprensa\"],\"inLanguage\":\"pt-BR\"},{\"@type\":\"WebPage\",\"@id\":\"https:\\\/\\\/scb.org.br\\\/numar\\\/sala-de-imprensa\\\/maringa-sedia-simposio-universitario-origem-dos-povos\\\/\",\"url\":\"https:\\\/\\\/scb.org.br\\\/numar\\\/sala-de-imprensa\\\/maringa-sedia-simposio-universitario-origem-dos-povos\\\/\",\"name\":\"Maring\u00e1 sedia Simp\u00f3sio Origem dos Povos e a Torre de Babel - NUMAR-SCB\",\"isPartOf\":{\"@id\":\"https:\\\/\\\/scb.org.br\\\/numar\\\/#website\"},\"primaryImageOfPage\":{\"@id\":\"https:\\\/\\\/scb.org.br\\\/numar\\\/sala-de-imprensa\\\/maringa-sedia-simposio-universitario-origem-dos-povos\\\/#primaryimage\"},\"image\":{\"@id\":\"https:\\\/\\\/scb.org.br\\\/numar\\\/sala-de-imprensa\\\/maringa-sedia-simposio-universitario-origem-dos-povos\\\/#primaryimage\"},\"thumbnailUrl\":\"https:\\\/\\\/numar.scb.org.br\\\/wp-content\\\/uploads\\\/2019\\\/07\\\/torre-de-babel.jpg\",\"datePublished\":\"2019-07-12T22:08:23+00:00\",\"breadcrumb\":{\"@id\":\"https:\\\/\\\/scb.org.br\\\/numar\\\/sala-de-imprensa\\\/maringa-sedia-simposio-universitario-origem-dos-povos\\\/#breadcrumb\"},\"inLanguage\":\"pt-BR\",\"potentialAction\":[{\"@type\":\"ReadAction\",\"target\":[\"https:\\\/\\\/scb.org.br\\\/numar\\\/sala-de-imprensa\\\/maringa-sedia-simposio-universitario-origem-dos-povos\\\/\"]}]},{\"@type\":\"ImageObject\",\"inLanguage\":\"pt-BR\",\"@id\":\"https:\\\/\\\/scb.org.br\\\/numar\\\/sala-de-imprensa\\\/maringa-sedia-simposio-universitario-origem-dos-povos\\\/#primaryimage\",\"url\":\"https:\\\/\\\/numar.scb.org.br\\\/wp-content\\\/uploads\\\/2019\\\/07\\\/torre-de-babel.jpg\",\"contentUrl\":\"https:\\\/\\\/numar.scb.org.br\\\/wp-content\\\/uploads\\\/2019\\\/07\\\/torre-de-babel.jpg\"},{\"@type\":\"BreadcrumbList\",\"@id\":\"https:\\\/\\\/scb.org.br\\\/numar\\\/sala-de-imprensa\\\/maringa-sedia-simposio-universitario-origem-dos-povos\\\/#breadcrumb\",\"itemListElement\":[{\"@type\":\"ListItem\",\"position\":1,\"name\":\"P\u00e1gina Inicial\",\"item\":\"https:\\\/\\\/scb.org.br\\\/numar\\\/\"},{\"@type\":\"ListItem\",\"position\":2,\"name\":\"Maring\u00e1 sedia Simp\u00f3sio Origem dos Povos e a Torre de Babel\"}]},{\"@type\":\"WebSite\",\"@id\":\"https:\\\/\\\/scb.org.br\\\/numar\\\/#website\",\"url\":\"https:\\\/\\\/scb.org.br\\\/numar\\\/\",\"name\":\"NUMAR-SCB\",\"description\":\"N\u00facleo Maringaense da Sociedade Criacionista Brasileira\",\"publisher\":{\"@id\":\"https:\\\/\\\/scb.org.br\\\/numar\\\/#organization\"},\"potentialAction\":[{\"@type\":\"SearchAction\",\"target\":{\"@type\":\"EntryPoint\",\"urlTemplate\":\"https:\\\/\\\/scb.org.br\\\/numar\\\/?s={search_term_string}\"},\"query-input\":{\"@type\":\"PropertyValueSpecification\",\"valueRequired\":true,\"valueName\":\"search_term_string\"}}],\"inLanguage\":\"pt-BR\"},{\"@type\":\"Organization\",\"@id\":\"https:\\\/\\\/scb.org.br\\\/numar\\\/#organization\",\"name\":\"NUMAR-SCB - N\u00facleo Maringaense da Sociedade Criacionista Brasileira\",\"url\":\"https:\\\/\\\/scb.org.br\\\/numar\\\/\",\"logo\":{\"@type\":\"ImageObject\",\"inLanguage\":\"pt-BR\",\"@id\":\"https:\\\/\\\/scb.org.br\\\/numar\\\/#\\\/schema\\\/logo\\\/image\\\/\",\"url\":\"https:\\\/\\\/scb.org.br\\\/numar\\\/wp-content\\\/uploads\\\/sites\\\/6\\\/2020\\\/05\\\/logo-1.png\",\"contentUrl\":\"https:\\\/\\\/scb.org.br\\\/numar\\\/wp-content\\\/uploads\\\/sites\\\/6\\\/2020\\\/05\\\/logo-1.png\",\"width\":248,\"height\":263,\"caption\":\"NUMAR-SCB - N\u00facleo Maringaense da Sociedade Criacionista Brasileira\"},\"image\":{\"@id\":\"https:\\\/\\\/scb.org.br\\\/numar\\\/#\\\/schema\\\/logo\\\/image\\\/\"}},{\"@type\":\"Person\",\"@id\":\"https:\\\/\\\/scb.org.br\\\/numar\\\/#\\\/schema\\\/person\\\/8146d32aaf1e86bd448bdce5b93f2e73\",\"name\":\"Thomas\",\"image\":{\"@type\":\"ImageObject\",\"inLanguage\":\"pt-BR\",\"@id\":\"https:\\\/\\\/secure.gravatar.com\\\/avatar\\\/1041f09b0d30b2c94be3579f69f1bec245d47a8e9e51eb1b49baf75eca3abcd9?s=96&d=mm&r=g2720307b3e6c93b9e7833b6e9a4bad70\",\"url\":\"https:\\\/\\\/secure.gravatar.com\\\/avatar\\\/1041f09b0d30b2c94be3579f69f1bec245d47a8e9e51eb1b49baf75eca3abcd9?s=96&d=mm&r=g\",\"contentUrl\":\"https:\\\/\\\/secure.gravatar.com\\\/avatar\\\/1041f09b0d30b2c94be3579f69f1bec245d47a8e9e51eb1b49baf75eca3abcd9?s=96&d=mm&r=g\",\"caption\":\"Thomas\"}}]}<\/script>\n<!-- \/ Yoast SEO plugin. -->","yoast_head_json":{"title":"Maring\u00e1 sedia Simp\u00f3sio Origem dos Povos e a Torre de Babel - NUMAR-SCB","robots":{"index":"index","follow":"follow","max-snippet":"max-snippet:-1","max-image-preview":"max-image-preview:large","max-video-preview":"max-video-preview:-1"},"canonical":"https:\/\/scb.org.br\/numar\/sala-de-imprensa\/maringa-sedia-simposio-universitario-origem-dos-povos\/","og_locale":"pt_BR","og_type":"article","og_title":"Maring\u00e1 sedia Simp\u00f3sio Origem dos Povos e a Torre de Babel - NUMAR-SCB","og_description":"Maring\u00e1 sedia Simp\u00f3sio Origem dos Povos e a torre de Babel Maring\u00e1 sedia, nos dia 9 e 10 de Agosto, o Simp\u00f3sio \u201cOrigem dos Povos e a Torre de Babel\u201d. O encontro acontece a partir das 19:30 hr no dia 9 e 16:30 hr no dia 10. O evento ser\u00e1 realizado no audit\u00f3rio localizado na [&hellip;]","og_url":"https:\/\/scb.org.br\/numar\/sala-de-imprensa\/maringa-sedia-simposio-universitario-origem-dos-povos\/","og_site_name":"NUMAR-SCB","article_published_time":"2019-07-12T22:08:23+00:00","og_image":[{"url":"https:\/\/numar.scb.org.br\/wp-content\/uploads\/2019\/07\/torre-de-babel.jpg","type":"","width":"","height":""}],"author":"Thomas","twitter_card":"summary_large_image","twitter_misc":{"Escrito por":"Thomas","Est. tempo de leitura":"4 minutos"},"schema":{"@context":"https:\/\/schema.org","@graph":[{"@type":"Article","@id":"https:\/\/scb.org.br\/numar\/sala-de-imprensa\/maringa-sedia-simposio-universitario-origem-dos-povos\/#article","isPartOf":{"@id":"https:\/\/scb.org.br\/numar\/sala-de-imprensa\/maringa-sedia-simposio-universitario-origem-dos-povos\/"},"author":{"name":"Thomas","@id":"https:\/\/scb.org.br\/numar\/#\/schema\/person\/8146d32aaf1e86bd448bdce5b93f2e73"},"headline":"Maring\u00e1 sedia Simp\u00f3sio Origem dos Povos e a Torre de Babel","datePublished":"2019-07-12T22:08:23+00:00","mainEntityOfPage":{"@id":"https:\/\/scb.org.br\/numar\/sala-de-imprensa\/maringa-sedia-simposio-universitario-origem-dos-povos\/"},"wordCount":851,"publisher":{"@id":"https:\/\/scb.org.br\/numar\/#organization"},"image":{"@id":"https:\/\/scb.org.br\/numar\/sala-de-imprensa\/maringa-sedia-simposio-universitario-origem-dos-povos\/#primaryimage"},"thumbnailUrl":"https:\/\/numar.scb.org.br\/wp-content\/uploads\/2019\/07\/torre-de-babel.jpg","articleSection":["Press Release","Sala de Imprensa"],"inLanguage":"pt-BR"},{"@type":"WebPage","@id":"https:\/\/scb.org.br\/numar\/sala-de-imprensa\/maringa-sedia-simposio-universitario-origem-dos-povos\/","url":"https:\/\/scb.org.br\/numar\/sala-de-imprensa\/maringa-sedia-simposio-universitario-origem-dos-povos\/","name":"Maring\u00e1 sedia Simp\u00f3sio Origem dos Povos e a Torre de Babel - NUMAR-SCB","isPartOf":{"@id":"https:\/\/scb.org.br\/numar\/#website"},"primaryImageOfPage":{"@id":"https:\/\/scb.org.br\/numar\/sala-de-imprensa\/maringa-sedia-simposio-universitario-origem-dos-povos\/#primaryimage"},"image":{"@id":"https:\/\/scb.org.br\/numar\/sala-de-imprensa\/maringa-sedia-simposio-universitario-origem-dos-povos\/#primaryimage"},"thumbnailUrl":"https:\/\/numar.scb.org.br\/wp-content\/uploads\/2019\/07\/torre-de-babel.jpg","datePublished":"2019-07-12T22:08:23+00:00","breadcrumb":{"@id":"https:\/\/scb.org.br\/numar\/sala-de-imprensa\/maringa-sedia-simposio-universitario-origem-dos-povos\/#breadcrumb"},"inLanguage":"pt-BR","potentialAction":[{"@type":"ReadAction","target":["https:\/\/scb.org.br\/numar\/sala-de-imprensa\/maringa-sedia-simposio-universitario-origem-dos-povos\/"]}]},{"@type":"ImageObject","inLanguage":"pt-BR","@id":"https:\/\/scb.org.br\/numar\/sala-de-imprensa\/maringa-sedia-simposio-universitario-origem-dos-povos\/#primaryimage","url":"https:\/\/numar.scb.org.br\/wp-content\/uploads\/2019\/07\/torre-de-babel.jpg","contentUrl":"https:\/\/numar.scb.org.br\/wp-content\/uploads\/2019\/07\/torre-de-babel.jpg"},{"@type":"BreadcrumbList","@id":"https:\/\/scb.org.br\/numar\/sala-de-imprensa\/maringa-sedia-simposio-universitario-origem-dos-povos\/#breadcrumb","itemListElement":[{"@type":"ListItem","position":1,"name":"P\u00e1gina Inicial","item":"https:\/\/scb.org.br\/numar\/"},{"@type":"ListItem","position":2,"name":"Maring\u00e1 sedia Simp\u00f3sio Origem dos Povos e a Torre de Babel"}]},{"@type":"WebSite","@id":"https:\/\/scb.org.br\/numar\/#website","url":"https:\/\/scb.org.br\/numar\/","name":"NUMAR-SCB","description":"N\u00facleo Maringaense da Sociedade Criacionista Brasileira","publisher":{"@id":"https:\/\/scb.org.br\/numar\/#organization"},"potentialAction":[{"@type":"SearchAction","target":{"@type":"EntryPoint","urlTemplate":"https:\/\/scb.org.br\/numar\/?s={search_term_string}"},"query-input":{"@type":"PropertyValueSpecification","valueRequired":true,"valueName":"search_term_string"}}],"inLanguage":"pt-BR"},{"@type":"Organization","@id":"https:\/\/scb.org.br\/numar\/#organization","name":"NUMAR-SCB - N\u00facleo Maringaense da Sociedade Criacionista Brasileira","url":"https:\/\/scb.org.br\/numar\/","logo":{"@type":"ImageObject","inLanguage":"pt-BR","@id":"https:\/\/scb.org.br\/numar\/#\/schema\/logo\/image\/","url":"https:\/\/scb.org.br\/numar\/wp-content\/uploads\/sites\/6\/2020\/05\/logo-1.png","contentUrl":"https:\/\/scb.org.br\/numar\/wp-content\/uploads\/sites\/6\/2020\/05\/logo-1.png","width":248,"height":263,"caption":"NUMAR-SCB - N\u00facleo Maringaense da Sociedade Criacionista Brasileira"},"image":{"@id":"https:\/\/scb.org.br\/numar\/#\/schema\/logo\/image\/"}},{"@type":"Person","@id":"https:\/\/scb.org.br\/numar\/#\/schema\/person\/8146d32aaf1e86bd448bdce5b93f2e73","name":"Thomas","image":{"@type":"ImageObject","inLanguage":"pt-BR","@id":"https:\/\/secure.gravatar.com\/avatar\/1041f09b0d30b2c94be3579f69f1bec245d47a8e9e51eb1b49baf75eca3abcd9?s=96&d=mm&r=g2720307b3e6c93b9e7833b6e9a4bad70","url":"https:\/\/secure.gravatar.com\/avatar\/1041f09b0d30b2c94be3579f69f1bec245d47a8e9e51eb1b49baf75eca3abcd9?s=96&d=mm&r=g","contentUrl":"https:\/\/secure.gravatar.com\/avatar\/1041f09b0d30b2c94be3579f69f1bec245d47a8e9e51eb1b49baf75eca3abcd9?s=96&d=mm&r=g","caption":"Thomas"}}]}},"authors":[],"_links":{"self":[{"href":"https:\/\/scb.org.br\/numar\/wp-json\/wp\/v2\/posts\/3077","targetHints":{"allow":["GET"]}}],"collection":[{"href":"https:\/\/scb.org.br\/numar\/wp-json\/wp\/v2\/posts"}],"about":[{"href":"https:\/\/scb.org.br\/numar\/wp-json\/wp\/v2\/types\/post"}],"author":[{"embeddable":true,"href":"https:\/\/scb.org.br\/numar\/wp-json\/wp\/v2\/users\/1624"}],"replies":[{"embeddable":true,"href":"https:\/\/scb.org.br\/numar\/wp-json\/wp\/v2\/comments?post=3077"}],"version-history":[{"count":0,"href":"https:\/\/scb.org.br\/numar\/wp-json\/wp\/v2\/posts\/3077\/revisions"}],"wp:attachment":[{"href":"https:\/\/scb.org.br\/numar\/wp-json\/wp\/v2\/media?parent=3077"}],"wp:term":[{"taxonomy":"category","embeddable":true,"href":"https:\/\/scb.org.br\/numar\/wp-json\/wp\/v2\/categories?post=3077"},{"taxonomy":"post_tag","embeddable":true,"href":"https:\/\/scb.org.br\/numar\/wp-json\/wp\/v2\/tags?post=3077"}],"curies":[{"name":"wp","href":"https:\/\/api.w.org\/{rel}","templated":true}]}}