{"id":1959,"date":"2018-04-04T17:00:49","date_gmt":"2018-04-04T20:00:49","guid":{"rendered":"https:\/\/numar.scb.org.br\/?p=1959"},"modified":"2018-04-04T17:00:49","modified_gmt":"2018-04-04T20:00:49","slug":"arqueologiabiblica","status":"publish","type":"post","link":"https:\/\/scb.org.br\/numar\/noticias\/arqueologiabiblica\/","title":{"rendered":"Semin\u00e1rio de Arqueologia B\u00edblica, com Dr. Rodrigo Silva"},"content":{"rendered":"<div id=\"attachment_1963\" style=\"width: 510px\" class=\"wp-caption alignleft\"><img loading=\"lazy\" decoding=\"async\" aria-describedby=\"caption-attachment-1963\" class=\"Doutor Rodrigo Silva, apresentador do document\u00e1rio Evid\u00eancias. wp-image-1963 size-full\" title=\"Doutor Rodrigo Silva, apresentador do document\u00e1rio Evid\u00eancias.\" src=\"https:\/\/numar.scb.org.br\/wp-content\/uploads\/2018\/04\/rodrigo-silva-e1522872341598.jpg\" alt=\"Doutor Rodrigo Silva, apresentador do document\u00e1rio Evid\u00eancias.\" width=\"500\" height=\"229\" \/><p id=\"caption-attachment-1963\" class=\"wp-caption-text\">Doutor Rodrigo Silva, apresentador do document\u00e1rio Evid\u00eancias.<\/p><\/div>\n<p>Se voc\u00ea gosta de saber como as coisas eram no passado e se interessa por hist\u00f3ria, arqueologia e geografia, n\u00e3o pode perder a oportunidade de participar do\u00a0<em><strong><a href=\"http:\/\/jocummaringa.com.br\/sab\/\">Semin\u00e1rio<\/a> de Arqueologia B\u00edblica<\/strong><\/em> que acontece na <strong><a href=\"https:\/\/www.unicesumar.edu.br\/home\/\">Unicesumar,<\/a>\u00a0<\/strong>nos\u00a0 dias 8 e 9 de junho. O palestrante, <strong><a href=\"https:\/\/web.facebook.com\/Evidencias.TV\/\">\u00a0Dr. Rodrigo Silva<\/a><\/strong>, apresentador do document\u00e1rio <a href=\"http:\/\/www.youtube.com\/NTEvidencias\"><strong><em>Evid\u00eancias<\/em><\/strong><\/a> (<a href=\"http:\/\/novotempo.com\/\">TV Novo Tempo<\/a>), ir\u00e1 mostrar evid\u00eancias de eventos, costumes, rituais, personagens, povos e hist\u00f3rias da B\u00edblia. Uma \u00f3tima oportunidade para estudantes e interessados em aprofundar seus conhecimentos e tirar d\u00favidas.<\/p>\n<p>O arque\u00f3logo tem ampla experi\u00eancia em escava\u00e7\u00f5es e viagens a locais hist\u00f3ricos pelas terras b\u00edblicas. Entre elas, destaque para a visita \u00e0 expedi\u00e7\u00e3o de\u00a0<strong><a href=\"http:\/\/www.cityofdavid.org.il\/en\/archeology\/archeologists\/eli-shukron\">Eli Shukron<\/a><\/strong>, um dos mais famosos arque\u00f3logos da geografia b\u00edblica. Na ocasi\u00e3o da visita\u00a0ao \u201cmais antigo registro arqueol\u00f3gico do culto monote\u00edsta ao \u00fanico Deus\u201d, foram encontrados \u201calguns objetos arqueol\u00f3gicos, com cer\u00e2mica local de 1.800 depois de Cristo, no tempo doe Abra\u00e3o\u201d, conta Silva.<\/p>\n<p>O evento \u00e9 promovido pela <em><strong><a href=\"http:\/\/jocummaringa.com.br\">Escola de Estudos B\u00edblicos <\/a><\/strong><\/em>\u00a0e pelo <a href=\"https:\/\/numar.scb.org.br\/loja\/\"><em><strong>Numar-SCB<\/strong><\/em><\/a>, e tem o objetivo de oferecer mais conhecimento sobre acontecimentos b\u00edblicos espec\u00edficos \u2013 o que pode ajudar a ampliar o campo de vis\u00e3o. Saber dos h\u00e1bitos mais espec\u00edficos de um povo contribui para entender melhor o texto b\u00edblico. Por exemplo, na hist\u00f3ria da posse da terra prometida aos hebreus, Cana\u00e3, se voc\u00ea sabe que eles n\u00e3o estavam tomando a terra de outras pessoas, como aconteceu na Am\u00e9rica Latina, o seu olhar muda? \u00c9 disso que se trata a arqueologia b\u00edblica. Silva conta que os patriarcas Abra\u00e3o, Isaque e Jac\u00f3 haviam comprado aquelas terras para que o povo tivesse espa\u00e7o para \"crescer e aben\u00e7oar o mundo todo\", como Deus prometera. Mas, quando os hebreus foram passar uma \u201ctemporada\u201d no Egito, com a hist\u00f3ria de Jos\u00e9 \u2013 o governador \u2013, os cananeus invadiram as terras. Ap\u00f3s a liberta\u00e7\u00e3o da escravid\u00e3o a que foram submetidos no Egito, eles encontraram invasores armados que n\u00e3o queriam devolver as terras que lhes pertenciam por direito e por heran\u00e7a. Ent\u00e3o, a terra prometida havia sido, na verdade, comprada. N\u00e3o foi roubo nem invas\u00e3o, como pode parecer quando n\u00e3o sabemos que era heran\u00e7a garantida pelas leis da \u00e9poca.<\/p>\n<p>Quer aprender mais?<\/p>\n<p><strong><a href=\"https:\/\/numar.scb.org.br\/loja\/\">Garanta sua participa\u00e7\u00e3o no evento agora mesmo!<br \/>\nAs vagas s\u00e3o limitadas!<\/a><\/strong><\/p>\n<p><strong>Sobre o palestrante:<\/strong>\u00a0 Dr. Rodrigo Silva Possui gradua\u00e7\u00e3o em <a href=\"http:\/\/www.adventista.edu.br\/\">Teologia<\/a> e em <a href=\"http:\/\/www.unifai.edu.br\/hotsite2018\/processo\/\">Filosofia<\/a>; mestrado em <a href=\"http:\/\/faculdadejesuita.edu.br\/\">Teologia Hist\u00f3rica<\/a>; especializa\u00e7\u00e3o em <a href=\"http:\/\/new.huji.ac.il\/\">arqueologia<\/a>; doutorado em <a href=\"http:\/\/www.pucsp.br\/graduacao\/teologia\">Teologia B\u00edblica<\/a>; estudos p\u00f3s doutorais com concentra\u00e7\u00e3o em <a href=\"https:\/\/www.andrews.edu\/\">arqueologia b\u00edblica<\/a>; doutor em <a href=\"http:\/\/www5.usp.br\/\">arqueologia cl\u00e1ssica<\/a>; \u00e9 professor de Teologia e Arqueologia do Centro Universit\u00e1rio Adventista de S\u00e3o Paulo \u2013 Campus Engenheiro Coelho, SP (<a href=\"https:\/\/www.unasp.br\/ec\/\">UNASP-EC<\/a>), curador do <a href=\"https:\/\/www.unasp.br\/ec\/museu-de-arqueologia\/\"><strong>Museu Paulo Bork<\/strong><\/a> de Arqueologia do Oriente M\u00e9dio e apresentador do document\u00e1rio semanal \u201c<strong><a href=\"http:\/\/novotempo.com\/evidencias\/\">Evid\u00eancias<\/a><\/strong>\u201d, transmitido pela <a href=\"http:\/\/novotempo.com\/tv\/aovivo\/\">TV Novo Tempo<\/a>.<\/p>\n<p>Inscri\u00e7\u00f5es via Numar-SCB (<a href=\"https:\/\/numar.scb.org.br\/loja\/\">clique aqui<\/a>)<br \/>\nInscri\u00e7\u00f5es via Jocum (<a href=\"http:\/\/jocummaringa.com.br\/sab\/\">clique aqui<\/a>)<br \/>\nInvestimento: R$ 30,00<br \/>\nLocal: Unicesumar, audit\u00f3rio Joaquim Lauer.<br \/>\nEndere\u00e7o: Av. Guedner, 1610, Jardim Aclima\u00e7\u00e3o, Maring\u00e1 \u2013 PR<br \/>\nOutras informa\u00e7\u00f5es: (44) 99907-9002<\/p>\n","protected":false},"excerpt":{"rendered":"<p>Se voc\u00ea gosta de saber como as coisas eram no passado e se interessa por hist\u00f3ria, arqueologia e geografia, n\u00e3o pode perder a oportunidade de participar do\u00a0Semin\u00e1rio de Arqueologia B\u00edblica que acontece na Unicesumar,\u00a0nos\u00a0 dias 8 e 9 de junho. O palestrante, \u00a0Dr. Rodrigo Silva, apresentador do document\u00e1rio Evid\u00eancias (TV Novo Tempo), ir\u00e1 mostrar evid\u00eancias [&hellip;]<\/p>\n","protected":false},"author":1903,"featured_media":0,"comment_status":"closed","ping_status":"open","sticky":false,"template":"","format":"standard","meta":{"_acf_changed":false,"om_disable_all_campaigns":false,"footnotes":""},"categories":[227],"tags":[231,104,78,232,233,234,215,235],"class_list":["post-1959","post","type-post","status-publish","format-standard","hentry","category-noticias","tag-arqueologia","tag-biblia","tag-criacionismo","tag-estudo-da-biblia","tag-geografia","tag-hebreus","tag-historia","tag-rodrigo-silva"],"acf":[],"yoast_head":"<!-- This site is optimized with the Yoast SEO plugin v27.3 - https:\/\/yoast.com\/product\/yoast-seo-wordpress\/ -->\n<title>Semin\u00e1rio de Arqueologia B\u00edblica, com Dr. Rodrigo Silva<\/title>\n<meta name=\"description\" content=\"Voc\u00ea se interessa em saber mais sobre as evid\u00eancias da arqueologia a respeito de fatos narrados na B\u00edblia? Ent\u00e3o n\u00e3o perca o semin\u00e1rio que acontece em junho, na Unicesumar, com o arque\u00f3logo Dr. Rodrigo Silva, especialista em arqueologia b\u00edblica pela Universidade de Jerusal\u00e9m. Clique aqui e fa\u00e7a sua inscri\u00e7\u00e3o!\" \/>\n<meta name=\"robots\" content=\"index, follow, max-snippet:-1, max-image-preview:large, max-video-preview:-1\" \/>\n<link rel=\"canonical\" href=\"https:\/\/scb.org.br\/numar\/noticias\/arqueologiabiblica\/\" \/>\n<meta property=\"og:locale\" content=\"pt_BR\" \/>\n<meta property=\"og:type\" content=\"article\" \/>\n<meta property=\"og:title\" content=\"Semin\u00e1rio de Arqueologia B\u00edblica, com Dr. Rodrigo Silva\" \/>\n<meta property=\"og:description\" content=\"Voc\u00ea se interessa em saber mais sobre as evid\u00eancias da arqueologia a respeito de fatos narrados na B\u00edblia? Ent\u00e3o n\u00e3o perca o semin\u00e1rio que acontece em junho, na Unicesumar, com o arque\u00f3logo Dr. Rodrigo Silva, especialista em arqueologia b\u00edblica pela Universidade de Jerusal\u00e9m. Clique aqui e fa\u00e7a sua inscri\u00e7\u00e3o!\" \/>\n<meta property=\"og:url\" content=\"https:\/\/scb.org.br\/numar\/noticias\/arqueologiabiblica\/\" \/>\n<meta property=\"og:site_name\" content=\"NUMAR-SCB\" \/>\n<meta property=\"article:published_time\" content=\"2018-04-04T20:00:49+00:00\" \/>\n<meta property=\"og:image\" content=\"https:\/\/numar.scb.org.br\/wp-content\/uploads\/2018\/04\/rodrigo-silva-e1522872341598.jpg\" \/>\n<meta name=\"author\" content=\"D\u00e9bora Carvalho\" \/>\n<meta name=\"twitter:card\" content=\"summary_large_image\" \/>\n<meta name=\"twitter:label1\" content=\"Escrito por\" \/>\n\t<meta name=\"twitter:data1\" content=\"D\u00e9bora Carvalho\" \/>\n\t<meta name=\"twitter:label2\" content=\"Est. tempo de leitura\" \/>\n\t<meta name=\"twitter:data2\" content=\"3 minutos\" \/>\n<script type=\"application\/ld+json\" class=\"yoast-schema-graph\">{\"@context\":\"https:\\\/\\\/schema.org\",\"@graph\":[{\"@type\":\"Article\",\"@id\":\"https:\\\/\\\/scb.org.br\\\/numar\\\/noticias\\\/arqueologiabiblica\\\/#article\",\"isPartOf\":{\"@id\":\"https:\\\/\\\/scb.org.br\\\/numar\\\/noticias\\\/arqueologiabiblica\\\/\"},\"author\":{\"name\":\"D\u00e9bora Carvalho\",\"@id\":\"https:\\\/\\\/scb.org.br\\\/numar\\\/#\\\/schema\\\/person\\\/d72241f2e17230d0b318b5e80cd7e558\"},\"headline\":\"Semin\u00e1rio de Arqueologia B\u00edblica, com Dr. Rodrigo Silva\",\"datePublished\":\"2018-04-04T20:00:49+00:00\",\"mainEntityOfPage\":{\"@id\":\"https:\\\/\\\/scb.org.br\\\/numar\\\/noticias\\\/arqueologiabiblica\\\/\"},\"wordCount\":553,\"publisher\":{\"@id\":\"https:\\\/\\\/scb.org.br\\\/numar\\\/#organization\"},\"image\":{\"@id\":\"https:\\\/\\\/scb.org.br\\\/numar\\\/noticias\\\/arqueologiabiblica\\\/#primaryimage\"},\"thumbnailUrl\":\"https:\\\/\\\/numar.scb.org.br\\\/wp-content\\\/uploads\\\/2018\\\/04\\\/rodrigo-silva-e1522872341598.jpg\",\"keywords\":[\"arqueologia\",\"b\u00edblia\",\"criacionismo\",\"estudo da b\u00edblia\",\"geografia\",\"hebreus\",\"hist\u00f3ria\",\"rodrigo silva\"],\"articleSection\":[\"Not\u00edcias\"],\"inLanguage\":\"pt-BR\"},{\"@type\":\"WebPage\",\"@id\":\"https:\\\/\\\/scb.org.br\\\/numar\\\/noticias\\\/arqueologiabiblica\\\/\",\"url\":\"https:\\\/\\\/scb.org.br\\\/numar\\\/noticias\\\/arqueologiabiblica\\\/\",\"name\":\"Semin\u00e1rio de Arqueologia B\u00edblica, com Dr. Rodrigo Silva\",\"isPartOf\":{\"@id\":\"https:\\\/\\\/scb.org.br\\\/numar\\\/#website\"},\"primaryImageOfPage\":{\"@id\":\"https:\\\/\\\/scb.org.br\\\/numar\\\/noticias\\\/arqueologiabiblica\\\/#primaryimage\"},\"image\":{\"@id\":\"https:\\\/\\\/scb.org.br\\\/numar\\\/noticias\\\/arqueologiabiblica\\\/#primaryimage\"},\"thumbnailUrl\":\"https:\\\/\\\/numar.scb.org.br\\\/wp-content\\\/uploads\\\/2018\\\/04\\\/rodrigo-silva-e1522872341598.jpg\",\"datePublished\":\"2018-04-04T20:00:49+00:00\",\"description\":\"Voc\u00ea se interessa em saber mais sobre as evid\u00eancias da arqueologia a respeito de fatos narrados na B\u00edblia? Ent\u00e3o n\u00e3o perca o semin\u00e1rio que acontece em junho, na Unicesumar, com o arque\u00f3logo Dr. Rodrigo Silva, especialista em arqueologia b\u00edblica pela Universidade de Jerusal\u00e9m. Clique aqui e fa\u00e7a sua inscri\u00e7\u00e3o!\",\"breadcrumb\":{\"@id\":\"https:\\\/\\\/scb.org.br\\\/numar\\\/noticias\\\/arqueologiabiblica\\\/#breadcrumb\"},\"inLanguage\":\"pt-BR\",\"potentialAction\":[{\"@type\":\"ReadAction\",\"target\":[\"https:\\\/\\\/scb.org.br\\\/numar\\\/noticias\\\/arqueologiabiblica\\\/\"]}]},{\"@type\":\"ImageObject\",\"inLanguage\":\"pt-BR\",\"@id\":\"https:\\\/\\\/scb.org.br\\\/numar\\\/noticias\\\/arqueologiabiblica\\\/#primaryimage\",\"url\":\"https:\\\/\\\/numar.scb.org.br\\\/wp-content\\\/uploads\\\/2018\\\/04\\\/rodrigo-silva-e1522872341598.jpg\",\"contentUrl\":\"https:\\\/\\\/numar.scb.org.br\\\/wp-content\\\/uploads\\\/2018\\\/04\\\/rodrigo-silva-e1522872341598.jpg\"},{\"@type\":\"BreadcrumbList\",\"@id\":\"https:\\\/\\\/scb.org.br\\\/numar\\\/noticias\\\/arqueologiabiblica\\\/#breadcrumb\",\"itemListElement\":[{\"@type\":\"ListItem\",\"position\":1,\"name\":\"P\u00e1gina Inicial\",\"item\":\"https:\\\/\\\/scb.org.br\\\/numar\\\/\"},{\"@type\":\"ListItem\",\"position\":2,\"name\":\"Semin\u00e1rio de Arqueologia B\u00edblica, com Dr. Rodrigo Silva\"}]},{\"@type\":\"WebSite\",\"@id\":\"https:\\\/\\\/scb.org.br\\\/numar\\\/#website\",\"url\":\"https:\\\/\\\/scb.org.br\\\/numar\\\/\",\"name\":\"NUMAR-SCB\",\"description\":\"N\u00facleo Maringaense da Sociedade Criacionista Brasileira\",\"publisher\":{\"@id\":\"https:\\\/\\\/scb.org.br\\\/numar\\\/#organization\"},\"potentialAction\":[{\"@type\":\"SearchAction\",\"target\":{\"@type\":\"EntryPoint\",\"urlTemplate\":\"https:\\\/\\\/scb.org.br\\\/numar\\\/?s={search_term_string}\"},\"query-input\":{\"@type\":\"PropertyValueSpecification\",\"valueRequired\":true,\"valueName\":\"search_term_string\"}}],\"inLanguage\":\"pt-BR\"},{\"@type\":\"Organization\",\"@id\":\"https:\\\/\\\/scb.org.br\\\/numar\\\/#organization\",\"name\":\"NUMAR-SCB - N\u00facleo Maringaense da Sociedade Criacionista Brasileira\",\"url\":\"https:\\\/\\\/scb.org.br\\\/numar\\\/\",\"logo\":{\"@type\":\"ImageObject\",\"inLanguage\":\"pt-BR\",\"@id\":\"https:\\\/\\\/scb.org.br\\\/numar\\\/#\\\/schema\\\/logo\\\/image\\\/\",\"url\":\"https:\\\/\\\/scb.org.br\\\/numar\\\/wp-content\\\/uploads\\\/sites\\\/6\\\/2020\\\/05\\\/logo-1.png\",\"contentUrl\":\"https:\\\/\\\/scb.org.br\\\/numar\\\/wp-content\\\/uploads\\\/sites\\\/6\\\/2020\\\/05\\\/logo-1.png\",\"width\":248,\"height\":263,\"caption\":\"NUMAR-SCB - N\u00facleo Maringaense da Sociedade Criacionista Brasileira\"},\"image\":{\"@id\":\"https:\\\/\\\/scb.org.br\\\/numar\\\/#\\\/schema\\\/logo\\\/image\\\/\"}},{\"@type\":\"Person\",\"@id\":\"https:\\\/\\\/scb.org.br\\\/numar\\\/#\\\/schema\\\/person\\\/d72241f2e17230d0b318b5e80cd7e558\",\"name\":\"D\u00e9bora Carvalho\",\"image\":{\"@type\":\"ImageObject\",\"inLanguage\":\"pt-BR\",\"@id\":\"https:\\\/\\\/secure.gravatar.com\\\/avatar\\\/40f3fede9aef7aa21fa1adfe4fd6b9b85c70a94ee234fc18c3afdcc651f0bd22?s=96&d=mm&r=ga2c80e469d77a2ff6c45e33b68f8d53e\",\"url\":\"https:\\\/\\\/secure.gravatar.com\\\/avatar\\\/40f3fede9aef7aa21fa1adfe4fd6b9b85c70a94ee234fc18c3afdcc651f0bd22?s=96&d=mm&r=g\",\"contentUrl\":\"https:\\\/\\\/secure.gravatar.com\\\/avatar\\\/40f3fede9aef7aa21fa1adfe4fd6b9b85c70a94ee234fc18c3afdcc651f0bd22?s=96&d=mm&r=g\",\"caption\":\"D\u00e9bora Carvalho\"}}]}<\/script>\n<!-- \/ Yoast SEO plugin. -->","yoast_head_json":{"title":"Semin\u00e1rio de Arqueologia B\u00edblica, com Dr. Rodrigo Silva","description":"Voc\u00ea se interessa em saber mais sobre as evid\u00eancias da arqueologia a respeito de fatos narrados na B\u00edblia? Ent\u00e3o n\u00e3o perca o semin\u00e1rio que acontece em junho, na Unicesumar, com o arque\u00f3logo Dr. Rodrigo Silva, especialista em arqueologia b\u00edblica pela Universidade de Jerusal\u00e9m. Clique aqui e fa\u00e7a sua inscri\u00e7\u00e3o!","robots":{"index":"index","follow":"follow","max-snippet":"max-snippet:-1","max-image-preview":"max-image-preview:large","max-video-preview":"max-video-preview:-1"},"canonical":"https:\/\/scb.org.br\/numar\/noticias\/arqueologiabiblica\/","og_locale":"pt_BR","og_type":"article","og_title":"Semin\u00e1rio de Arqueologia B\u00edblica, com Dr. Rodrigo Silva","og_description":"Voc\u00ea se interessa em saber mais sobre as evid\u00eancias da arqueologia a respeito de fatos narrados na B\u00edblia? Ent\u00e3o n\u00e3o perca o semin\u00e1rio que acontece em junho, na Unicesumar, com o arque\u00f3logo Dr. Rodrigo Silva, especialista em arqueologia b\u00edblica pela Universidade de Jerusal\u00e9m. Clique aqui e fa\u00e7a sua inscri\u00e7\u00e3o!","og_url":"https:\/\/scb.org.br\/numar\/noticias\/arqueologiabiblica\/","og_site_name":"NUMAR-SCB","article_published_time":"2018-04-04T20:00:49+00:00","og_image":[{"url":"https:\/\/numar.scb.org.br\/wp-content\/uploads\/2018\/04\/rodrigo-silva-e1522872341598.jpg","type":"","width":"","height":""}],"author":"D\u00e9bora Carvalho","twitter_card":"summary_large_image","twitter_misc":{"Escrito por":"D\u00e9bora Carvalho","Est. tempo de leitura":"3 minutos"},"schema":{"@context":"https:\/\/schema.org","@graph":[{"@type":"Article","@id":"https:\/\/scb.org.br\/numar\/noticias\/arqueologiabiblica\/#article","isPartOf":{"@id":"https:\/\/scb.org.br\/numar\/noticias\/arqueologiabiblica\/"},"author":{"name":"D\u00e9bora Carvalho","@id":"https:\/\/scb.org.br\/numar\/#\/schema\/person\/d72241f2e17230d0b318b5e80cd7e558"},"headline":"Semin\u00e1rio de Arqueologia B\u00edblica, com Dr. Rodrigo Silva","datePublished":"2018-04-04T20:00:49+00:00","mainEntityOfPage":{"@id":"https:\/\/scb.org.br\/numar\/noticias\/arqueologiabiblica\/"},"wordCount":553,"publisher":{"@id":"https:\/\/scb.org.br\/numar\/#organization"},"image":{"@id":"https:\/\/scb.org.br\/numar\/noticias\/arqueologiabiblica\/#primaryimage"},"thumbnailUrl":"https:\/\/numar.scb.org.br\/wp-content\/uploads\/2018\/04\/rodrigo-silva-e1522872341598.jpg","keywords":["arqueologia","b\u00edblia","criacionismo","estudo da b\u00edblia","geografia","hebreus","hist\u00f3ria","rodrigo silva"],"articleSection":["Not\u00edcias"],"inLanguage":"pt-BR"},{"@type":"WebPage","@id":"https:\/\/scb.org.br\/numar\/noticias\/arqueologiabiblica\/","url":"https:\/\/scb.org.br\/numar\/noticias\/arqueologiabiblica\/","name":"Semin\u00e1rio de Arqueologia B\u00edblica, com Dr. Rodrigo Silva","isPartOf":{"@id":"https:\/\/scb.org.br\/numar\/#website"},"primaryImageOfPage":{"@id":"https:\/\/scb.org.br\/numar\/noticias\/arqueologiabiblica\/#primaryimage"},"image":{"@id":"https:\/\/scb.org.br\/numar\/noticias\/arqueologiabiblica\/#primaryimage"},"thumbnailUrl":"https:\/\/numar.scb.org.br\/wp-content\/uploads\/2018\/04\/rodrigo-silva-e1522872341598.jpg","datePublished":"2018-04-04T20:00:49+00:00","description":"Voc\u00ea se interessa em saber mais sobre as evid\u00eancias da arqueologia a respeito de fatos narrados na B\u00edblia? Ent\u00e3o n\u00e3o perca o semin\u00e1rio que acontece em junho, na Unicesumar, com o arque\u00f3logo Dr. Rodrigo Silva, especialista em arqueologia b\u00edblica pela Universidade de Jerusal\u00e9m. Clique aqui e fa\u00e7a sua inscri\u00e7\u00e3o!","breadcrumb":{"@id":"https:\/\/scb.org.br\/numar\/noticias\/arqueologiabiblica\/#breadcrumb"},"inLanguage":"pt-BR","potentialAction":[{"@type":"ReadAction","target":["https:\/\/scb.org.br\/numar\/noticias\/arqueologiabiblica\/"]}]},{"@type":"ImageObject","inLanguage":"pt-BR","@id":"https:\/\/scb.org.br\/numar\/noticias\/arqueologiabiblica\/#primaryimage","url":"https:\/\/numar.scb.org.br\/wp-content\/uploads\/2018\/04\/rodrigo-silva-e1522872341598.jpg","contentUrl":"https:\/\/numar.scb.org.br\/wp-content\/uploads\/2018\/04\/rodrigo-silva-e1522872341598.jpg"},{"@type":"BreadcrumbList","@id":"https:\/\/scb.org.br\/numar\/noticias\/arqueologiabiblica\/#breadcrumb","itemListElement":[{"@type":"ListItem","position":1,"name":"P\u00e1gina Inicial","item":"https:\/\/scb.org.br\/numar\/"},{"@type":"ListItem","position":2,"name":"Semin\u00e1rio de Arqueologia B\u00edblica, com Dr. Rodrigo Silva"}]},{"@type":"WebSite","@id":"https:\/\/scb.org.br\/numar\/#website","url":"https:\/\/scb.org.br\/numar\/","name":"NUMAR-SCB","description":"N\u00facleo Maringaense da Sociedade Criacionista Brasileira","publisher":{"@id":"https:\/\/scb.org.br\/numar\/#organization"},"potentialAction":[{"@type":"SearchAction","target":{"@type":"EntryPoint","urlTemplate":"https:\/\/scb.org.br\/numar\/?s={search_term_string}"},"query-input":{"@type":"PropertyValueSpecification","valueRequired":true,"valueName":"search_term_string"}}],"inLanguage":"pt-BR"},{"@type":"Organization","@id":"https:\/\/scb.org.br\/numar\/#organization","name":"NUMAR-SCB - N\u00facleo Maringaense da Sociedade Criacionista Brasileira","url":"https:\/\/scb.org.br\/numar\/","logo":{"@type":"ImageObject","inLanguage":"pt-BR","@id":"https:\/\/scb.org.br\/numar\/#\/schema\/logo\/image\/","url":"https:\/\/scb.org.br\/numar\/wp-content\/uploads\/sites\/6\/2020\/05\/logo-1.png","contentUrl":"https:\/\/scb.org.br\/numar\/wp-content\/uploads\/sites\/6\/2020\/05\/logo-1.png","width":248,"height":263,"caption":"NUMAR-SCB - N\u00facleo Maringaense da Sociedade Criacionista Brasileira"},"image":{"@id":"https:\/\/scb.org.br\/numar\/#\/schema\/logo\/image\/"}},{"@type":"Person","@id":"https:\/\/scb.org.br\/numar\/#\/schema\/person\/d72241f2e17230d0b318b5e80cd7e558","name":"D\u00e9bora Carvalho","image":{"@type":"ImageObject","inLanguage":"pt-BR","@id":"https:\/\/secure.gravatar.com\/avatar\/40f3fede9aef7aa21fa1adfe4fd6b9b85c70a94ee234fc18c3afdcc651f0bd22?s=96&d=mm&r=ga2c80e469d77a2ff6c45e33b68f8d53e","url":"https:\/\/secure.gravatar.com\/avatar\/40f3fede9aef7aa21fa1adfe4fd6b9b85c70a94ee234fc18c3afdcc651f0bd22?s=96&d=mm&r=g","contentUrl":"https:\/\/secure.gravatar.com\/avatar\/40f3fede9aef7aa21fa1adfe4fd6b9b85c70a94ee234fc18c3afdcc651f0bd22?s=96&d=mm&r=g","caption":"D\u00e9bora Carvalho"}}]}},"authors":[],"_links":{"self":[{"href":"https:\/\/scb.org.br\/numar\/wp-json\/wp\/v2\/posts\/1959","targetHints":{"allow":["GET"]}}],"collection":[{"href":"https:\/\/scb.org.br\/numar\/wp-json\/wp\/v2\/posts"}],"about":[{"href":"https:\/\/scb.org.br\/numar\/wp-json\/wp\/v2\/types\/post"}],"author":[{"embeddable":true,"href":"https:\/\/scb.org.br\/numar\/wp-json\/wp\/v2\/users\/1903"}],"replies":[{"embeddable":true,"href":"https:\/\/scb.org.br\/numar\/wp-json\/wp\/v2\/comments?post=1959"}],"version-history":[{"count":0,"href":"https:\/\/scb.org.br\/numar\/wp-json\/wp\/v2\/posts\/1959\/revisions"}],"wp:attachment":[{"href":"https:\/\/scb.org.br\/numar\/wp-json\/wp\/v2\/media?parent=1959"}],"wp:term":[{"taxonomy":"category","embeddable":true,"href":"https:\/\/scb.org.br\/numar\/wp-json\/wp\/v2\/categories?post=1959"},{"taxonomy":"post_tag","embeddable":true,"href":"https:\/\/scb.org.br\/numar\/wp-json\/wp\/v2\/tags?post=1959"}],"curies":[{"name":"wp","href":"https:\/\/api.w.org\/{rel}","templated":true}]}}