{"id":1904,"date":"2018-03-27T17:06:22","date_gmt":"2018-03-27T20:06:22","guid":{"rendered":"http:\/\/numar.scb.org.br\/?p=1904"},"modified":"2018-03-27T17:06:22","modified_gmt":"2018-03-27T20:06:22","slug":"livro-pioneiro-sobre-a-teoria-do-design-inteligente-e-lancado-no-brasil","status":"publish","type":"post","link":"https:\/\/scb.org.br\/numar\/noticias\/livro-pioneiro-sobre-a-teoria-do-design-inteligente-e-lancado-no-brasil\/","title":{"rendered":"Livro pioneiro sobre a Teoria do Design Inteligente \u00e9 lan\u00e7ado no Brasil"},"content":{"rendered":"<p style=\"font-weight: 400;text-align: justify\">Acaba de sair do \u201cforno\u201d o superlan\u00e7amento, j\u00e1 h\u00e1 muito aguardado, tanto pela comunidade tede\u00edsta (estudiosos do\u00a0<em>design<\/em>\u00a0inteligente) quanto pelas comunidades criacionistas e demais simpatizantes do tema, o livro\u00a0<em>Teoria do Design Inteligente<\/em>, de autoria do escritor Everton Alves. O livro j\u00e1 era conhecido em formato digital, desde junho de 2015, na plataforma Widbook. Em pouco mais de um ano de lan\u00e7amento digital, a obra j\u00e1 tinha atingido a marca de dez mil leituras. De l\u00e1 para c\u00e1 muita coisa mudou. Em seu formato impresso, a obra foi aprimorada, conte\u00fados foram inseridos e ilustra\u00e7\u00f5es foram desenvolvidas e adicionadas aos cap\u00edtulos para trazer bom humor e mais prazer na leitura de um assunto que foi escrito com muita seriedade e honestidade intelectual.<\/p>\n<p><!--more--><\/p>\n<p style=\"font-weight: 400;text-align: justify\"><em>Teoria do Design Inteligente<\/em>\u00a0\u00e9 uma das duas primeiras obras genuinamente brasileiras, relevantes e exclusivas acerca do\u00a0<em>design<\/em>\u00a0inteligente. Mas se voc\u00ea ainda n\u00e3o sabe o que \u00e9 essa tal de Teoria do\u00a0<em>Design<\/em>\u00a0Inteligente (TDI), o pr\u00f3prio autor adianta um pouquinho do conceito dessa proposta atual e que tem intrigado a nova gera\u00e7\u00e3o de pesquisadores:<\/p>\n<blockquote>\n<p style=\"font-weight: 400;text-align: justify\">\u201cA Teoria do\u00a0<em>Design<\/em>\u00a0Inteligente pode ser compreendida como o estudo dos padr\u00f5es na natureza que carregam as marcas de causalidade inteligente. A proposta do\u00a0<em>Design<\/em>\u00a0Inteligente \u00e9 apenas detectar\u00a0<em>design<\/em>\u00a0na natureza. \u00c9 important\u00edssimo esclarecer que o\u00a0<em>Design<\/em>\u00a0Inteligente n\u00e3o se preocupa em esclarecer ou explicar quest\u00f5es sobre a origem da vida, do Universo ou sobre a idade da Terra. A proposta do\u00a0<em>Design<\/em>\u00a0Inteligente \u00e9 apenas buscar caracter\u00edsticas inerentes de\u00a0<em>design<\/em>\u00a0num dado objeto na natureza hoje, a qualquer coisa que possa ser observ\u00e1vel, pesquisada e identificada em laborat\u00f3rio.\u201d<\/p>\n<\/blockquote>\n<p style=\"font-weight: 400;text-align: justify\">De acordo com resenha elaborada por J\u00f4natas Duarte Lima, um dos leitores da obra, Everton,<\/p>\n<blockquote>\n<p style=\"font-weight: 400;text-align: justify\">\u201cem 31 cap\u00edtulos, fundamentados em mais de 350 artigos cient\u00edficos (revisados por pares), exp\u00f5e evid\u00eancias que, antes mesmo de apoiar a Teoria do\u00a0<em>Design<\/em>\u00a0Inteligente, contestam alguns aspectos da teoria neodarwiniana lan\u00e7ando m\u00e3o apenas de pesquisas e resultados cient\u00edficos, nos quais a proposta causal evolucionista n\u00e3o pode ser bem-sucedida\u201d.<\/p>\n<p style=\"font-weight: 400;text-align: justify\">Pode-se notar uma divis\u00e3o \u201ctem\u00e1tica\u201d na obra, em que, sequencialmente, s\u00e3o analisadas as insufici\u00eancias do modelo darwinista (e.g., a fraude dos embri\u00f5es de Haeckel, as moscas-das-frutas, os tentilh\u00f5es de Darwin, etc.), os supostos \u00f3rg\u00e3os vestigiais, mitos gen\u00e9ticos (\u201cDNA-lixo\u201d), o despontar da Epigen\u00e9tica, supostos exemplos de\u00a0<em>bad design<\/em>\u00a0(o polegar do panda, a faringe humana, o ap\u00eandice, etc.), evid\u00eancias de projeto (biomim\u00e9tica, complexidade irredut\u00edvel, projeto capilar humano) e, para finalizar, algumas conclus\u00f5es a que cientistas honestos (especialmente na Medicina) t\u00eam chegado \u00e0 luz de tanta informa\u00e7\u00e3o obtida nos \u00faltimos anos.\u201d<\/p>\n<\/blockquote>\n<p><a href=\"https:\/\/www.youtube.com\/watch?v=bDZP6_BZ_5c\">https:\/\/www.youtube.com\/watch?v=bDZP6_BZ_5c<\/a><\/p>\n<p style=\"font-weight: 400\"><strong><a href=\"http:\/\/numar.scb.org.br\/loja\/livros\/teoria-design-inteligente\/\">Clique aqui<\/a><\/strong>\u00a0e adquira j\u00e1 o seu com pre\u00e7o promocional!<\/p>\n<p style=\"font-weight: 400\"><strong>Detalhes do produto<\/strong><\/p>\n<p style=\"font-weight: 400\">Formato:\u00a014,0x21,0<br \/>\nN\u00famero de p\u00e1ginas:\u00a0213<br \/>\nAcabamento:\u00a0Brochura<\/p>\n<p style=\"font-weight: 400\">Papel: P\u00f3len Soft<\/p>\n<p style=\"font-weight: 400\">ISBN:\u00a0978-85-910566-4-4<\/p>\n<p style=\"font-weight: 400\">Selo: Editorial NUMARSCB<\/p>\n<p style=\"font-weight: 400\">Pre\u00e7o promocional: R$35,00<\/p>\n","protected":false},"excerpt":{"rendered":"<p>Acaba de sair do \u201cforno\u201d o superlan\u00e7amento, j\u00e1 h\u00e1 muito aguardado, tanto pela comunidade tede\u00edsta (estudiosos do\u00a0design\u00a0inteligente) quanto pelas comunidades criacionistas e demais simpatizantes do tema, o livro\u00a0Teoria do Design Inteligente, de autoria do escritor Everton Alves. O livro j\u00e1 era conhecido em formato digital, desde junho de 2015, na plataforma Widbook. Em pouco mais [&hellip;]<\/p>\n","protected":false},"author":2171,"featured_media":1972,"comment_status":"closed","ping_status":"open","sticky":false,"template":"","format":"standard","meta":{"_acf_changed":false,"om_disable_all_campaigns":false,"footnotes":""},"categories":[227],"tags":[223,224,225,226,228,229,179,230],"class_list":["post-1904","post","type-post","status-publish","format-standard","has-post-thumbnail","hentry","category-noticias","tag-complexidade-irredutivel","tag-everton-fernando-alves","tag-lancamento","tag-livro","tag-pioneiro","tag-saude","tag-tdi","tag-teoria-do-design-inteligente"],"acf":[],"yoast_head":"<!-- This site is optimized with the Yoast SEO plugin v27.3 - https:\/\/yoast.com\/product\/yoast-seo-wordpress\/ -->\n<title>Livro pioneiro sobre a Teoria do Design Inteligente \u00e9 lan\u00e7ado no Brasil - NUMAR-SCB<\/title>\n<meta name=\"robots\" content=\"index, follow, max-snippet:-1, max-image-preview:large, max-video-preview:-1\" \/>\n<link rel=\"canonical\" href=\"https:\/\/scb.org.br\/numar\/noticias\/livro-pioneiro-sobre-a-teoria-do-design-inteligente-e-lancado-no-brasil\/\" \/>\n<meta property=\"og:locale\" content=\"pt_BR\" \/>\n<meta property=\"og:type\" content=\"article\" \/>\n<meta property=\"og:title\" content=\"Livro pioneiro sobre a Teoria do Design Inteligente \u00e9 lan\u00e7ado no Brasil - NUMAR-SCB\" \/>\n<meta property=\"og:description\" content=\"Acaba de sair do \u201cforno\u201d o superlan\u00e7amento, j\u00e1 h\u00e1 muito aguardado, tanto pela comunidade tede\u00edsta (estudiosos do\u00a0design\u00a0inteligente) quanto pelas comunidades criacionistas e demais simpatizantes do tema, o livro\u00a0Teoria do Design Inteligente, de autoria do escritor Everton Alves. O livro j\u00e1 era conhecido em formato digital, desde junho de 2015, na plataforma Widbook. Em pouco mais [&hellip;]\" \/>\n<meta property=\"og:url\" content=\"https:\/\/scb.org.br\/numar\/noticias\/livro-pioneiro-sobre-a-teoria-do-design-inteligente-e-lancado-no-brasil\/\" \/>\n<meta property=\"og:site_name\" content=\"NUMAR-SCB\" \/>\n<meta property=\"article:published_time\" content=\"2018-03-27T20:06:22+00:00\" \/>\n<meta property=\"og:image\" content=\"https:\/\/scb.org.br\/numar\/wp-content\/uploads\/sites\/6\/2018\/03\/Livro-e1522893987169-1-1.png\" \/>\n\t<meta property=\"og:image:width\" content=\"640\" \/>\n\t<meta property=\"og:image:height\" content=\"499\" \/>\n\t<meta property=\"og:image:type\" content=\"image\/png\" \/>\n<meta name=\"author\" content=\"EVERTON ALVES\" \/>\n<meta name=\"twitter:card\" content=\"summary_large_image\" \/>\n<meta name=\"twitter:label1\" content=\"Escrito por\" \/>\n\t<meta name=\"twitter:data1\" content=\"EVERTON ALVES\" \/>\n\t<meta name=\"twitter:label2\" content=\"Est. tempo de leitura\" \/>\n\t<meta name=\"twitter:data2\" content=\"3 minutos\" \/>\n<script type=\"application\/ld+json\" class=\"yoast-schema-graph\">{\"@context\":\"https:\\\/\\\/schema.org\",\"@graph\":[{\"@type\":\"Article\",\"@id\":\"https:\\\/\\\/scb.org.br\\\/numar\\\/noticias\\\/livro-pioneiro-sobre-a-teoria-do-design-inteligente-e-lancado-no-brasil\\\/#article\",\"isPartOf\":{\"@id\":\"https:\\\/\\\/scb.org.br\\\/numar\\\/noticias\\\/livro-pioneiro-sobre-a-teoria-do-design-inteligente-e-lancado-no-brasil\\\/\"},\"author\":{\"name\":\"EVERTON ALVES\",\"@id\":\"https:\\\/\\\/scb.org.br\\\/numar\\\/#\\\/schema\\\/person\\\/f14bf877dc92f48d139ecf49bf826b34\"},\"headline\":\"Livro pioneiro sobre a Teoria do Design Inteligente \u00e9 lan\u00e7ado no Brasil\",\"datePublished\":\"2018-03-27T20:06:22+00:00\",\"mainEntityOfPage\":{\"@id\":\"https:\\\/\\\/scb.org.br\\\/numar\\\/noticias\\\/livro-pioneiro-sobre-a-teoria-do-design-inteligente-e-lancado-no-brasil\\\/\"},\"wordCount\":517,\"publisher\":{\"@id\":\"https:\\\/\\\/scb.org.br\\\/numar\\\/#organization\"},\"image\":{\"@id\":\"https:\\\/\\\/scb.org.br\\\/numar\\\/noticias\\\/livro-pioneiro-sobre-a-teoria-do-design-inteligente-e-lancado-no-brasil\\\/#primaryimage\"},\"thumbnailUrl\":\"https:\\\/\\\/scb.org.br\\\/numar\\\/wp-content\\\/uploads\\\/sites\\\/6\\\/2018\\\/03\\\/Livro-e1522893987169-1-1.png\",\"keywords\":[\"Complexidade irredut\u00edvel\",\"Everton Fernando Alves\",\"Lan\u00e7amento\",\"livro\",\"Pioneiro\",\"sa\u00fade\",\"TDI\",\"teoria do design inteligente\"],\"articleSection\":[\"Not\u00edcias\"],\"inLanguage\":\"pt-BR\"},{\"@type\":\"WebPage\",\"@id\":\"https:\\\/\\\/scb.org.br\\\/numar\\\/noticias\\\/livro-pioneiro-sobre-a-teoria-do-design-inteligente-e-lancado-no-brasil\\\/\",\"url\":\"https:\\\/\\\/scb.org.br\\\/numar\\\/noticias\\\/livro-pioneiro-sobre-a-teoria-do-design-inteligente-e-lancado-no-brasil\\\/\",\"name\":\"Livro pioneiro sobre a Teoria do Design Inteligente \u00e9 lan\u00e7ado no Brasil - NUMAR-SCB\",\"isPartOf\":{\"@id\":\"https:\\\/\\\/scb.org.br\\\/numar\\\/#website\"},\"primaryImageOfPage\":{\"@id\":\"https:\\\/\\\/scb.org.br\\\/numar\\\/noticias\\\/livro-pioneiro-sobre-a-teoria-do-design-inteligente-e-lancado-no-brasil\\\/#primaryimage\"},\"image\":{\"@id\":\"https:\\\/\\\/scb.org.br\\\/numar\\\/noticias\\\/livro-pioneiro-sobre-a-teoria-do-design-inteligente-e-lancado-no-brasil\\\/#primaryimage\"},\"thumbnailUrl\":\"https:\\\/\\\/scb.org.br\\\/numar\\\/wp-content\\\/uploads\\\/sites\\\/6\\\/2018\\\/03\\\/Livro-e1522893987169-1-1.png\",\"datePublished\":\"2018-03-27T20:06:22+00:00\",\"breadcrumb\":{\"@id\":\"https:\\\/\\\/scb.org.br\\\/numar\\\/noticias\\\/livro-pioneiro-sobre-a-teoria-do-design-inteligente-e-lancado-no-brasil\\\/#breadcrumb\"},\"inLanguage\":\"pt-BR\",\"potentialAction\":[{\"@type\":\"ReadAction\",\"target\":[\"https:\\\/\\\/scb.org.br\\\/numar\\\/noticias\\\/livro-pioneiro-sobre-a-teoria-do-design-inteligente-e-lancado-no-brasil\\\/\"]}]},{\"@type\":\"ImageObject\",\"inLanguage\":\"pt-BR\",\"@id\":\"https:\\\/\\\/scb.org.br\\\/numar\\\/noticias\\\/livro-pioneiro-sobre-a-teoria-do-design-inteligente-e-lancado-no-brasil\\\/#primaryimage\",\"url\":\"https:\\\/\\\/scb.org.br\\\/numar\\\/wp-content\\\/uploads\\\/sites\\\/6\\\/2018\\\/03\\\/Livro-e1522893987169-1-1.png\",\"contentUrl\":\"https:\\\/\\\/scb.org.br\\\/numar\\\/wp-content\\\/uploads\\\/sites\\\/6\\\/2018\\\/03\\\/Livro-e1522893987169-1-1.png\",\"width\":640,\"height\":499},{\"@type\":\"BreadcrumbList\",\"@id\":\"https:\\\/\\\/scb.org.br\\\/numar\\\/noticias\\\/livro-pioneiro-sobre-a-teoria-do-design-inteligente-e-lancado-no-brasil\\\/#breadcrumb\",\"itemListElement\":[{\"@type\":\"ListItem\",\"position\":1,\"name\":\"P\u00e1gina Inicial\",\"item\":\"https:\\\/\\\/scb.org.br\\\/numar\\\/\"},{\"@type\":\"ListItem\",\"position\":2,\"name\":\"Livro pioneiro sobre a Teoria do Design Inteligente \u00e9 lan\u00e7ado no Brasil\"}]},{\"@type\":\"WebSite\",\"@id\":\"https:\\\/\\\/scb.org.br\\\/numar\\\/#website\",\"url\":\"https:\\\/\\\/scb.org.br\\\/numar\\\/\",\"name\":\"NUMAR-SCB\",\"description\":\"N\u00facleo Maringaense da Sociedade Criacionista Brasileira\",\"publisher\":{\"@id\":\"https:\\\/\\\/scb.org.br\\\/numar\\\/#organization\"},\"potentialAction\":[{\"@type\":\"SearchAction\",\"target\":{\"@type\":\"EntryPoint\",\"urlTemplate\":\"https:\\\/\\\/scb.org.br\\\/numar\\\/?s={search_term_string}\"},\"query-input\":{\"@type\":\"PropertyValueSpecification\",\"valueRequired\":true,\"valueName\":\"search_term_string\"}}],\"inLanguage\":\"pt-BR\"},{\"@type\":\"Organization\",\"@id\":\"https:\\\/\\\/scb.org.br\\\/numar\\\/#organization\",\"name\":\"NUMAR-SCB - N\u00facleo Maringaense da Sociedade Criacionista Brasileira\",\"url\":\"https:\\\/\\\/scb.org.br\\\/numar\\\/\",\"logo\":{\"@type\":\"ImageObject\",\"inLanguage\":\"pt-BR\",\"@id\":\"https:\\\/\\\/scb.org.br\\\/numar\\\/#\\\/schema\\\/logo\\\/image\\\/\",\"url\":\"https:\\\/\\\/scb.org.br\\\/numar\\\/wp-content\\\/uploads\\\/sites\\\/6\\\/2020\\\/05\\\/logo-1.png\",\"contentUrl\":\"https:\\\/\\\/scb.org.br\\\/numar\\\/wp-content\\\/uploads\\\/sites\\\/6\\\/2020\\\/05\\\/logo-1.png\",\"width\":248,\"height\":263,\"caption\":\"NUMAR-SCB - N\u00facleo Maringaense da Sociedade Criacionista Brasileira\"},\"image\":{\"@id\":\"https:\\\/\\\/scb.org.br\\\/numar\\\/#\\\/schema\\\/logo\\\/image\\\/\"}},{\"@type\":\"Person\",\"@id\":\"https:\\\/\\\/scb.org.br\\\/numar\\\/#\\\/schema\\\/person\\\/f14bf877dc92f48d139ecf49bf826b34\",\"name\":\"EVERTON ALVES\",\"image\":{\"@type\":\"ImageObject\",\"inLanguage\":\"pt-BR\",\"@id\":\"https:\\\/\\\/secure.gravatar.com\\\/avatar\\\/c9a9bf529febf0ba61bcb34fd09f5f8c76479b3d94ea42f1d132d3146c565d6d?s=96&d=mm&r=gd8285a1978137b6d04f6fd7d798b5297\",\"url\":\"https:\\\/\\\/secure.gravatar.com\\\/avatar\\\/c9a9bf529febf0ba61bcb34fd09f5f8c76479b3d94ea42f1d132d3146c565d6d?s=96&d=mm&r=g\",\"contentUrl\":\"https:\\\/\\\/secure.gravatar.com\\\/avatar\\\/c9a9bf529febf0ba61bcb34fd09f5f8c76479b3d94ea42f1d132d3146c565d6d?s=96&d=mm&r=g\",\"caption\":\"EVERTON ALVES\"}}]}<\/script>\n<!-- \/ Yoast SEO plugin. -->","yoast_head_json":{"title":"Livro pioneiro sobre a Teoria do Design Inteligente \u00e9 lan\u00e7ado no Brasil - NUMAR-SCB","robots":{"index":"index","follow":"follow","max-snippet":"max-snippet:-1","max-image-preview":"max-image-preview:large","max-video-preview":"max-video-preview:-1"},"canonical":"https:\/\/scb.org.br\/numar\/noticias\/livro-pioneiro-sobre-a-teoria-do-design-inteligente-e-lancado-no-brasil\/","og_locale":"pt_BR","og_type":"article","og_title":"Livro pioneiro sobre a Teoria do Design Inteligente \u00e9 lan\u00e7ado no Brasil - NUMAR-SCB","og_description":"Acaba de sair do \u201cforno\u201d o superlan\u00e7amento, j\u00e1 h\u00e1 muito aguardado, tanto pela comunidade tede\u00edsta (estudiosos do\u00a0design\u00a0inteligente) quanto pelas comunidades criacionistas e demais simpatizantes do tema, o livro\u00a0Teoria do Design Inteligente, de autoria do escritor Everton Alves. O livro j\u00e1 era conhecido em formato digital, desde junho de 2015, na plataforma Widbook. Em pouco mais [&hellip;]","og_url":"https:\/\/scb.org.br\/numar\/noticias\/livro-pioneiro-sobre-a-teoria-do-design-inteligente-e-lancado-no-brasil\/","og_site_name":"NUMAR-SCB","article_published_time":"2018-03-27T20:06:22+00:00","og_image":[{"width":640,"height":499,"url":"https:\/\/scb.org.br\/numar\/wp-content\/uploads\/sites\/6\/2018\/03\/Livro-e1522893987169-1-1.png","type":"image\/png"}],"author":"EVERTON ALVES","twitter_card":"summary_large_image","twitter_misc":{"Escrito por":"EVERTON ALVES","Est. tempo de leitura":"3 minutos"},"schema":{"@context":"https:\/\/schema.org","@graph":[{"@type":"Article","@id":"https:\/\/scb.org.br\/numar\/noticias\/livro-pioneiro-sobre-a-teoria-do-design-inteligente-e-lancado-no-brasil\/#article","isPartOf":{"@id":"https:\/\/scb.org.br\/numar\/noticias\/livro-pioneiro-sobre-a-teoria-do-design-inteligente-e-lancado-no-brasil\/"},"author":{"name":"EVERTON ALVES","@id":"https:\/\/scb.org.br\/numar\/#\/schema\/person\/f14bf877dc92f48d139ecf49bf826b34"},"headline":"Livro pioneiro sobre a Teoria do Design Inteligente \u00e9 lan\u00e7ado no Brasil","datePublished":"2018-03-27T20:06:22+00:00","mainEntityOfPage":{"@id":"https:\/\/scb.org.br\/numar\/noticias\/livro-pioneiro-sobre-a-teoria-do-design-inteligente-e-lancado-no-brasil\/"},"wordCount":517,"publisher":{"@id":"https:\/\/scb.org.br\/numar\/#organization"},"image":{"@id":"https:\/\/scb.org.br\/numar\/noticias\/livro-pioneiro-sobre-a-teoria-do-design-inteligente-e-lancado-no-brasil\/#primaryimage"},"thumbnailUrl":"https:\/\/scb.org.br\/numar\/wp-content\/uploads\/sites\/6\/2018\/03\/Livro-e1522893987169-1-1.png","keywords":["Complexidade irredut\u00edvel","Everton Fernando Alves","Lan\u00e7amento","livro","Pioneiro","sa\u00fade","TDI","teoria do design inteligente"],"articleSection":["Not\u00edcias"],"inLanguage":"pt-BR"},{"@type":"WebPage","@id":"https:\/\/scb.org.br\/numar\/noticias\/livro-pioneiro-sobre-a-teoria-do-design-inteligente-e-lancado-no-brasil\/","url":"https:\/\/scb.org.br\/numar\/noticias\/livro-pioneiro-sobre-a-teoria-do-design-inteligente-e-lancado-no-brasil\/","name":"Livro pioneiro sobre a Teoria do Design Inteligente \u00e9 lan\u00e7ado no Brasil - NUMAR-SCB","isPartOf":{"@id":"https:\/\/scb.org.br\/numar\/#website"},"primaryImageOfPage":{"@id":"https:\/\/scb.org.br\/numar\/noticias\/livro-pioneiro-sobre-a-teoria-do-design-inteligente-e-lancado-no-brasil\/#primaryimage"},"image":{"@id":"https:\/\/scb.org.br\/numar\/noticias\/livro-pioneiro-sobre-a-teoria-do-design-inteligente-e-lancado-no-brasil\/#primaryimage"},"thumbnailUrl":"https:\/\/scb.org.br\/numar\/wp-content\/uploads\/sites\/6\/2018\/03\/Livro-e1522893987169-1-1.png","datePublished":"2018-03-27T20:06:22+00:00","breadcrumb":{"@id":"https:\/\/scb.org.br\/numar\/noticias\/livro-pioneiro-sobre-a-teoria-do-design-inteligente-e-lancado-no-brasil\/#breadcrumb"},"inLanguage":"pt-BR","potentialAction":[{"@type":"ReadAction","target":["https:\/\/scb.org.br\/numar\/noticias\/livro-pioneiro-sobre-a-teoria-do-design-inteligente-e-lancado-no-brasil\/"]}]},{"@type":"ImageObject","inLanguage":"pt-BR","@id":"https:\/\/scb.org.br\/numar\/noticias\/livro-pioneiro-sobre-a-teoria-do-design-inteligente-e-lancado-no-brasil\/#primaryimage","url":"https:\/\/scb.org.br\/numar\/wp-content\/uploads\/sites\/6\/2018\/03\/Livro-e1522893987169-1-1.png","contentUrl":"https:\/\/scb.org.br\/numar\/wp-content\/uploads\/sites\/6\/2018\/03\/Livro-e1522893987169-1-1.png","width":640,"height":499},{"@type":"BreadcrumbList","@id":"https:\/\/scb.org.br\/numar\/noticias\/livro-pioneiro-sobre-a-teoria-do-design-inteligente-e-lancado-no-brasil\/#breadcrumb","itemListElement":[{"@type":"ListItem","position":1,"name":"P\u00e1gina Inicial","item":"https:\/\/scb.org.br\/numar\/"},{"@type":"ListItem","position":2,"name":"Livro pioneiro sobre a Teoria do Design Inteligente \u00e9 lan\u00e7ado no Brasil"}]},{"@type":"WebSite","@id":"https:\/\/scb.org.br\/numar\/#website","url":"https:\/\/scb.org.br\/numar\/","name":"NUMAR-SCB","description":"N\u00facleo Maringaense da Sociedade Criacionista Brasileira","publisher":{"@id":"https:\/\/scb.org.br\/numar\/#organization"},"potentialAction":[{"@type":"SearchAction","target":{"@type":"EntryPoint","urlTemplate":"https:\/\/scb.org.br\/numar\/?s={search_term_string}"},"query-input":{"@type":"PropertyValueSpecification","valueRequired":true,"valueName":"search_term_string"}}],"inLanguage":"pt-BR"},{"@type":"Organization","@id":"https:\/\/scb.org.br\/numar\/#organization","name":"NUMAR-SCB - N\u00facleo Maringaense da Sociedade Criacionista Brasileira","url":"https:\/\/scb.org.br\/numar\/","logo":{"@type":"ImageObject","inLanguage":"pt-BR","@id":"https:\/\/scb.org.br\/numar\/#\/schema\/logo\/image\/","url":"https:\/\/scb.org.br\/numar\/wp-content\/uploads\/sites\/6\/2020\/05\/logo-1.png","contentUrl":"https:\/\/scb.org.br\/numar\/wp-content\/uploads\/sites\/6\/2020\/05\/logo-1.png","width":248,"height":263,"caption":"NUMAR-SCB - N\u00facleo Maringaense da Sociedade Criacionista Brasileira"},"image":{"@id":"https:\/\/scb.org.br\/numar\/#\/schema\/logo\/image\/"}},{"@type":"Person","@id":"https:\/\/scb.org.br\/numar\/#\/schema\/person\/f14bf877dc92f48d139ecf49bf826b34","name":"EVERTON ALVES","image":{"@type":"ImageObject","inLanguage":"pt-BR","@id":"https:\/\/secure.gravatar.com\/avatar\/c9a9bf529febf0ba61bcb34fd09f5f8c76479b3d94ea42f1d132d3146c565d6d?s=96&d=mm&r=gd8285a1978137b6d04f6fd7d798b5297","url":"https:\/\/secure.gravatar.com\/avatar\/c9a9bf529febf0ba61bcb34fd09f5f8c76479b3d94ea42f1d132d3146c565d6d?s=96&d=mm&r=g","contentUrl":"https:\/\/secure.gravatar.com\/avatar\/c9a9bf529febf0ba61bcb34fd09f5f8c76479b3d94ea42f1d132d3146c565d6d?s=96&d=mm&r=g","caption":"EVERTON ALVES"}}]}},"authors":[],"_links":{"self":[{"href":"https:\/\/scb.org.br\/numar\/wp-json\/wp\/v2\/posts\/1904","targetHints":{"allow":["GET"]}}],"collection":[{"href":"https:\/\/scb.org.br\/numar\/wp-json\/wp\/v2\/posts"}],"about":[{"href":"https:\/\/scb.org.br\/numar\/wp-json\/wp\/v2\/types\/post"}],"author":[{"embeddable":true,"href":"https:\/\/scb.org.br\/numar\/wp-json\/wp\/v2\/users\/2171"}],"replies":[{"embeddable":true,"href":"https:\/\/scb.org.br\/numar\/wp-json\/wp\/v2\/comments?post=1904"}],"version-history":[{"count":0,"href":"https:\/\/scb.org.br\/numar\/wp-json\/wp\/v2\/posts\/1904\/revisions"}],"wp:featuredmedia":[{"embeddable":true,"href":"https:\/\/scb.org.br\/numar\/wp-json\/wp\/v2\/media\/1972"}],"wp:attachment":[{"href":"https:\/\/scb.org.br\/numar\/wp-json\/wp\/v2\/media?parent=1904"}],"wp:term":[{"taxonomy":"category","embeddable":true,"href":"https:\/\/scb.org.br\/numar\/wp-json\/wp\/v2\/categories?post=1904"},{"taxonomy":"post_tag","embeddable":true,"href":"https:\/\/scb.org.br\/numar\/wp-json\/wp\/v2\/tags?post=1904"}],"curies":[{"name":"wp","href":"https:\/\/api.w.org\/{rel}","templated":true}]}}