{"id":1750,"date":"2017-09-12T07:55:55","date_gmt":"2017-09-12T10:55:55","guid":{"rendered":"http:\/\/numar.scb.org.br\/?p=1750"},"modified":"2023-07-17T22:26:14","modified_gmt":"2023-07-18T01:26:14","slug":"nucleo-de-estudos-criacionista-sera-inaugurado-em-blumenau-sc","status":"publish","type":"post","link":"https:\/\/scb.org.br\/numar\/sala-de-imprensa\/nucleo-de-estudos-criacionista-sera-inaugurado-em-blumenau-sc\/","title":{"rendered":"N\u00facleo de estudos criacionista ser\u00e1 inaugurado em Blumenau-SC"},"content":{"rendered":"<p style=\"text-align: justify;\">Nos dias 6 a 7 de outubro acontece, na cidade de Blumenau, a <em>I Jornada Criacionista do N\u00facleo Blumenauense da Sociedade Criacionista Brasileira (NBLU-SCB).<\/em> \u00a0O evento tem\u00a0o objetivo de fundar o terceiro n\u00facleo de estudos da SCB e assim iniciar suas atividades de divulga\u00e7\u00e3o do criacionismo no estado de Santa Catarina. O criacionismo \u00e9 uma interpreta\u00e7\u00e3o alternativa da natureza a partir da cosmovis\u00e3o b\u00edblica nas discuss\u00f5es acad\u00eamicas sobre a origem da vida.\u00a0Ser\u00e3o dois dias de muita informa\u00e7\u00e3o abertos a toda a comunidade, com palestras de cientistas e pesquisadores do\u00a0N\u00facleo Maringaense da Sociedade Criacionista Brasileira (Numar-SCB).<\/p>\n<p style=\"text-align: justify;\"><strong>PALESTRAS<\/strong><br \/>\n06\/09 (19:30) \u2013\u00a0<strong><em>O Criador e o M\u00e9todo Cient\u00edfico<\/em><\/strong><\/p>\n<p style=\"text-align: justify;\">Com o Dr. Agrinaldo Jacinto do Nascimento J\u00fanior, Qu\u00edmico, professor do\u00a0Instituto Federal do Paran\u00e1 (IFPR), e\u00a0Diretor-Presidente do Numar-SCB.<\/p>\n<p style=\"text-align: justify;\">07\/09 (09:30) \u2013\u00a0<strong><em>Um panorama sobre as atividades criacionistas no Brasil<\/em><\/strong><\/p>\n<p style=\"text-align: justify;\">Cofundador e editor associado da <em>Origem em Revista<\/em> e Diretor Executivo do NBLU-SCB.<\/p>\n<p style=\"text-align: justify;\">07\/09 (10:30) \u2013<strong><em>\u00a0Evid\u00eancias b\u00edblicas do Dil\u00favio<\/em><\/strong><\/p>\n<p style=\"text-align: justify;\">Com Everton Alves, escritor e divulgador de ci\u00eancias.<\/p>\n<p style=\"text-align: justify;\">07\/09 (16:00) \u2013\u00a0<strong><em>Mitos sobre a Evolu\u00e7\u00e3o dos Dinossauros<\/em><\/strong><\/p>\n<p style=\"text-align: justify;\">Com Everton Alves, escritor e divulgador de ci\u00eancias.<\/p>\n<p><strong>MAIS SOBRE O EVENTO<\/strong><\/p>\n<p style=\"text-align: justify;\">O Simp\u00f3sio est\u00e1 sendo organizado pelo N\u00facleo Blumenauense da Sociedade Criacionista Brasileira (NBLU-SCB) e conta com o apoio Da Sociedade Criacionista Brasileira, com sede em Bras\u00edlia\/DF, e do N\u00facleo Maringaense da Sociedade Criacionista Brasileira (Numar-SCB). O evento contar\u00e1 com certifica\u00e7\u00e3o emitida pelo NBLU-SCB.<\/p>\n<p style=\"text-align: justify;\">De acordo com o MSc. Emerson Lubitz, professor do Departamento de Engenharia Civil da FURB e diretor-presidente do NBLU-SCB,<\/p>\n<blockquote>\n<p style=\"text-align: justify;\">\u201ca I Jornada Criacionista de Blumenau \u00e9 o evento inaugural do rec\u00e9m-formado N\u00facleo Blumenauense da Sociedade Criacionista do Brasil \u2013 NBLU-SCB, criado por um grupo de entusiastas deste tema t\u00e3o controverso quanto fascinante. Pretende-se, a partir deste come\u00e7o, unir esfor\u00e7os a outros n\u00facleos formados e em forma\u00e7\u00e3o na obra de apontar a narrativa b\u00edblica como fundamento real e preciso da origem da vida, enfatizando a atua\u00e7\u00e3o de um Ser de infinitas magnific\u00eancia, sabedoria e excel\u00eancia, que conhecemos simplesmente por\u00a0<em>Deus<\/em>. A Ele daremos honra atrav\u00e9s de cada a\u00e7\u00e3o, cada palavra, cada esfor\u00e7o, enfim, nesta jornada que ora se inicia.\u201d<\/p>\n<\/blockquote>\n<p><strong>INSCRI\u00c7\u00d5ES:<\/strong><\/p>\n<p style=\"text-align: justify;\">As inscri\u00e7\u00f5es ser\u00e3o gratuitas (com certifica\u00e7\u00e3o) e dever\u00e3o ser feitas online atrav\u00e9s do seguinte link: <a href=\"https:\/\/goo.gl\/GiJw6v\">https:\/\/goo.gl\/GiJw6v<\/a><\/p>\n<p style=\"text-align: justify;\">DATA: 06 e 07 de outubro<\/p>\n<p style=\"text-align: justify;\">LOCAL: Espa\u00e7o Vida &amp; Sa\u00fade. Rua Gustavo Salinger, 500 - Bairro Itoupava Seca - Blumenau-SC.<\/p>\n<p>Maiores informa\u00e7\u00f5es sobre o evento:<br \/>\nAlexandre Bernes<br \/>\n47 9 9149-0208<br \/>\nDiretor Executivo do NBLU-SCB<\/p>\n","protected":false},"excerpt":{"rendered":"<p>Nos dias 6 a 7 de outubro acontece, na cidade de Blumenau, a I Jornada Criacionista do N\u00facleo Blumenauense da Sociedade Criacionista Brasileira (NBLU-SCB). \u00a0O evento tem\u00a0o objetivo de fundar o terceiro n\u00facleo de estudos da SCB e assim iniciar suas atividades de divulga\u00e7\u00e3o do criacionismo no estado de Santa Catarina. O criacionismo \u00e9 uma [&hellip;]<\/p>\n","protected":false},"author":2171,"featured_media":1751,"comment_status":"closed","ping_status":"open","sticky":false,"template":"","format":"standard","meta":{"_acf_changed":false,"om_disable_all_campaigns":false,"footnotes":""},"categories":[182],"tags":[199,78,200,201,202],"class_list":["post-1750","post","type-post","status-publish","format-standard","has-post-thumbnail","hentry","category-sala-de-imprensa","tag-blumenau","tag-criacionismo","tag-fundacao","tag-nucleo","tag-organizacao"],"acf":[],"yoast_head":"<!-- This site is optimized with the Yoast SEO plugin v27.3 - https:\/\/yoast.com\/product\/yoast-seo-wordpress\/ -->\n<title>N\u00facleo de estudos criacionista ser\u00e1 inaugurado em Blumenau-SC - NUMAR-SCB<\/title>\n<meta name=\"robots\" content=\"index, follow, max-snippet:-1, max-image-preview:large, max-video-preview:-1\" \/>\n<link rel=\"canonical\" href=\"https:\/\/scb.org.br\/numar\/sala-de-imprensa\/nucleo-de-estudos-criacionista-sera-inaugurado-em-blumenau-sc\/\" \/>\n<meta property=\"og:locale\" content=\"pt_BR\" \/>\n<meta property=\"og:type\" content=\"article\" \/>\n<meta property=\"og:title\" content=\"N\u00facleo de estudos criacionista ser\u00e1 inaugurado em Blumenau-SC - NUMAR-SCB\" \/>\n<meta property=\"og:description\" content=\"Nos dias 6 a 7 de outubro acontece, na cidade de Blumenau, a I Jornada Criacionista do N\u00facleo Blumenauense da Sociedade Criacionista Brasileira (NBLU-SCB). \u00a0O evento tem\u00a0o objetivo de fundar o terceiro n\u00facleo de estudos da SCB e assim iniciar suas atividades de divulga\u00e7\u00e3o do criacionismo no estado de Santa Catarina. O criacionismo \u00e9 uma [&hellip;]\" \/>\n<meta property=\"og:url\" content=\"https:\/\/scb.org.br\/numar\/sala-de-imprensa\/nucleo-de-estudos-criacionista-sera-inaugurado-em-blumenau-sc\/\" \/>\n<meta property=\"og:site_name\" content=\"NUMAR-SCB\" \/>\n<meta property=\"article:published_time\" content=\"2017-09-12T10:55:55+00:00\" \/>\n<meta property=\"article:modified_time\" content=\"2023-07-18T01:26:14+00:00\" \/>\n<meta property=\"og:image\" content=\"https:\/\/scb.org.br\/numar\/wp-content\/uploads\/sites\/6\/2017\/09\/WhatsApp-Image-2017-09-12-at-07.39.46-1.jpeg\" \/>\n\t<meta property=\"og:image:width\" content=\"1280\" \/>\n\t<meta property=\"og:image:height\" content=\"674\" \/>\n\t<meta property=\"og:image:type\" content=\"image\/jpeg\" \/>\n<meta name=\"author\" content=\"EVERTON ALVES\" \/>\n<meta name=\"twitter:card\" content=\"summary_large_image\" \/>\n<meta name=\"twitter:label1\" content=\"Escrito por\" \/>\n\t<meta name=\"twitter:data1\" content=\"EVERTON ALVES\" \/>\n\t<meta name=\"twitter:label2\" content=\"Est. tempo de leitura\" \/>\n\t<meta name=\"twitter:data2\" content=\"2 minutos\" \/>\n<script type=\"application\/ld+json\" class=\"yoast-schema-graph\">{\"@context\":\"https:\\\/\\\/schema.org\",\"@graph\":[{\"@type\":\"Article\",\"@id\":\"https:\\\/\\\/scb.org.br\\\/numar\\\/sala-de-imprensa\\\/nucleo-de-estudos-criacionista-sera-inaugurado-em-blumenau-sc\\\/#article\",\"isPartOf\":{\"@id\":\"https:\\\/\\\/scb.org.br\\\/numar\\\/sala-de-imprensa\\\/nucleo-de-estudos-criacionista-sera-inaugurado-em-blumenau-sc\\\/\"},\"author\":{\"name\":\"EVERTON ALVES\",\"@id\":\"https:\\\/\\\/scb.org.br\\\/numar\\\/#\\\/schema\\\/person\\\/f14bf877dc92f48d139ecf49bf826b34\"},\"headline\":\"N\u00facleo de estudos criacionista ser\u00e1 inaugurado em Blumenau-SC\",\"datePublished\":\"2017-09-12T10:55:55+00:00\",\"dateModified\":\"2023-07-18T01:26:14+00:00\",\"mainEntityOfPage\":{\"@id\":\"https:\\\/\\\/scb.org.br\\\/numar\\\/sala-de-imprensa\\\/nucleo-de-estudos-criacionista-sera-inaugurado-em-blumenau-sc\\\/\"},\"wordCount\":442,\"publisher\":{\"@id\":\"https:\\\/\\\/scb.org.br\\\/numar\\\/#organization\"},\"image\":{\"@id\":\"https:\\\/\\\/scb.org.br\\\/numar\\\/sala-de-imprensa\\\/nucleo-de-estudos-criacionista-sera-inaugurado-em-blumenau-sc\\\/#primaryimage\"},\"thumbnailUrl\":\"https:\\\/\\\/scb.org.br\\\/numar\\\/wp-content\\\/uploads\\\/sites\\\/6\\\/2017\\\/09\\\/WhatsApp-Image-2017-09-12-at-07.39.46-1.jpeg\",\"keywords\":[\"Blumenau\",\"criacionismo\",\"Funda\u00e7\u00e3o\",\"N\u00facleo\",\"organiza\u00e7\u00e3o\"],\"articleSection\":[\"Sala de Imprensa\"],\"inLanguage\":\"pt-BR\"},{\"@type\":\"WebPage\",\"@id\":\"https:\\\/\\\/scb.org.br\\\/numar\\\/sala-de-imprensa\\\/nucleo-de-estudos-criacionista-sera-inaugurado-em-blumenau-sc\\\/\",\"url\":\"https:\\\/\\\/scb.org.br\\\/numar\\\/sala-de-imprensa\\\/nucleo-de-estudos-criacionista-sera-inaugurado-em-blumenau-sc\\\/\",\"name\":\"N\u00facleo de estudos criacionista ser\u00e1 inaugurado em Blumenau-SC - NUMAR-SCB\",\"isPartOf\":{\"@id\":\"https:\\\/\\\/scb.org.br\\\/numar\\\/#website\"},\"primaryImageOfPage\":{\"@id\":\"https:\\\/\\\/scb.org.br\\\/numar\\\/sala-de-imprensa\\\/nucleo-de-estudos-criacionista-sera-inaugurado-em-blumenau-sc\\\/#primaryimage\"},\"image\":{\"@id\":\"https:\\\/\\\/scb.org.br\\\/numar\\\/sala-de-imprensa\\\/nucleo-de-estudos-criacionista-sera-inaugurado-em-blumenau-sc\\\/#primaryimage\"},\"thumbnailUrl\":\"https:\\\/\\\/scb.org.br\\\/numar\\\/wp-content\\\/uploads\\\/sites\\\/6\\\/2017\\\/09\\\/WhatsApp-Image-2017-09-12-at-07.39.46-1.jpeg\",\"datePublished\":\"2017-09-12T10:55:55+00:00\",\"dateModified\":\"2023-07-18T01:26:14+00:00\",\"breadcrumb\":{\"@id\":\"https:\\\/\\\/scb.org.br\\\/numar\\\/sala-de-imprensa\\\/nucleo-de-estudos-criacionista-sera-inaugurado-em-blumenau-sc\\\/#breadcrumb\"},\"inLanguage\":\"pt-BR\",\"potentialAction\":[{\"@type\":\"ReadAction\",\"target\":[\"https:\\\/\\\/scb.org.br\\\/numar\\\/sala-de-imprensa\\\/nucleo-de-estudos-criacionista-sera-inaugurado-em-blumenau-sc\\\/\"]}]},{\"@type\":\"ImageObject\",\"inLanguage\":\"pt-BR\",\"@id\":\"https:\\\/\\\/scb.org.br\\\/numar\\\/sala-de-imprensa\\\/nucleo-de-estudos-criacionista-sera-inaugurado-em-blumenau-sc\\\/#primaryimage\",\"url\":\"https:\\\/\\\/scb.org.br\\\/numar\\\/wp-content\\\/uploads\\\/sites\\\/6\\\/2017\\\/09\\\/WhatsApp-Image-2017-09-12-at-07.39.46-1.jpeg\",\"contentUrl\":\"https:\\\/\\\/scb.org.br\\\/numar\\\/wp-content\\\/uploads\\\/sites\\\/6\\\/2017\\\/09\\\/WhatsApp-Image-2017-09-12-at-07.39.46-1.jpeg\",\"width\":1280,\"height\":674},{\"@type\":\"BreadcrumbList\",\"@id\":\"https:\\\/\\\/scb.org.br\\\/numar\\\/sala-de-imprensa\\\/nucleo-de-estudos-criacionista-sera-inaugurado-em-blumenau-sc\\\/#breadcrumb\",\"itemListElement\":[{\"@type\":\"ListItem\",\"position\":1,\"name\":\"P\u00e1gina Inicial\",\"item\":\"https:\\\/\\\/scb.org.br\\\/numar\\\/\"},{\"@type\":\"ListItem\",\"position\":2,\"name\":\"N\u00facleo de estudos criacionista ser\u00e1 inaugurado em Blumenau-SC\"}]},{\"@type\":\"WebSite\",\"@id\":\"https:\\\/\\\/scb.org.br\\\/numar\\\/#website\",\"url\":\"https:\\\/\\\/scb.org.br\\\/numar\\\/\",\"name\":\"NUMAR-SCB\",\"description\":\"N\u00facleo Maringaense da Sociedade Criacionista Brasileira\",\"publisher\":{\"@id\":\"https:\\\/\\\/scb.org.br\\\/numar\\\/#organization\"},\"potentialAction\":[{\"@type\":\"SearchAction\",\"target\":{\"@type\":\"EntryPoint\",\"urlTemplate\":\"https:\\\/\\\/scb.org.br\\\/numar\\\/?s={search_term_string}\"},\"query-input\":{\"@type\":\"PropertyValueSpecification\",\"valueRequired\":true,\"valueName\":\"search_term_string\"}}],\"inLanguage\":\"pt-BR\"},{\"@type\":\"Organization\",\"@id\":\"https:\\\/\\\/scb.org.br\\\/numar\\\/#organization\",\"name\":\"NUMAR-SCB - N\u00facleo Maringaense da Sociedade Criacionista Brasileira\",\"url\":\"https:\\\/\\\/scb.org.br\\\/numar\\\/\",\"logo\":{\"@type\":\"ImageObject\",\"inLanguage\":\"pt-BR\",\"@id\":\"https:\\\/\\\/scb.org.br\\\/numar\\\/#\\\/schema\\\/logo\\\/image\\\/\",\"url\":\"https:\\\/\\\/scb.org.br\\\/numar\\\/wp-content\\\/uploads\\\/sites\\\/6\\\/2020\\\/05\\\/logo-1.png\",\"contentUrl\":\"https:\\\/\\\/scb.org.br\\\/numar\\\/wp-content\\\/uploads\\\/sites\\\/6\\\/2020\\\/05\\\/logo-1.png\",\"width\":248,\"height\":263,\"caption\":\"NUMAR-SCB - N\u00facleo Maringaense da Sociedade Criacionista Brasileira\"},\"image\":{\"@id\":\"https:\\\/\\\/scb.org.br\\\/numar\\\/#\\\/schema\\\/logo\\\/image\\\/\"}},{\"@type\":\"Person\",\"@id\":\"https:\\\/\\\/scb.org.br\\\/numar\\\/#\\\/schema\\\/person\\\/f14bf877dc92f48d139ecf49bf826b34\",\"name\":\"EVERTON ALVES\",\"image\":{\"@type\":\"ImageObject\",\"inLanguage\":\"pt-BR\",\"@id\":\"https:\\\/\\\/secure.gravatar.com\\\/avatar\\\/c9a9bf529febf0ba61bcb34fd09f5f8c76479b3d94ea42f1d132d3146c565d6d?s=96&d=mm&r=gd8285a1978137b6d04f6fd7d798b5297\",\"url\":\"https:\\\/\\\/secure.gravatar.com\\\/avatar\\\/c9a9bf529febf0ba61bcb34fd09f5f8c76479b3d94ea42f1d132d3146c565d6d?s=96&d=mm&r=g\",\"contentUrl\":\"https:\\\/\\\/secure.gravatar.com\\\/avatar\\\/c9a9bf529febf0ba61bcb34fd09f5f8c76479b3d94ea42f1d132d3146c565d6d?s=96&d=mm&r=g\",\"caption\":\"EVERTON ALVES\"}}]}<\/script>\n<!-- \/ Yoast SEO plugin. -->","yoast_head_json":{"title":"N\u00facleo de estudos criacionista ser\u00e1 inaugurado em Blumenau-SC - NUMAR-SCB","robots":{"index":"index","follow":"follow","max-snippet":"max-snippet:-1","max-image-preview":"max-image-preview:large","max-video-preview":"max-video-preview:-1"},"canonical":"https:\/\/scb.org.br\/numar\/sala-de-imprensa\/nucleo-de-estudos-criacionista-sera-inaugurado-em-blumenau-sc\/","og_locale":"pt_BR","og_type":"article","og_title":"N\u00facleo de estudos criacionista ser\u00e1 inaugurado em Blumenau-SC - NUMAR-SCB","og_description":"Nos dias 6 a 7 de outubro acontece, na cidade de Blumenau, a I Jornada Criacionista do N\u00facleo Blumenauense da Sociedade Criacionista Brasileira (NBLU-SCB). \u00a0O evento tem\u00a0o objetivo de fundar o terceiro n\u00facleo de estudos da SCB e assim iniciar suas atividades de divulga\u00e7\u00e3o do criacionismo no estado de Santa Catarina. O criacionismo \u00e9 uma [&hellip;]","og_url":"https:\/\/scb.org.br\/numar\/sala-de-imprensa\/nucleo-de-estudos-criacionista-sera-inaugurado-em-blumenau-sc\/","og_site_name":"NUMAR-SCB","article_published_time":"2017-09-12T10:55:55+00:00","article_modified_time":"2023-07-18T01:26:14+00:00","og_image":[{"width":1280,"height":674,"url":"https:\/\/scb.org.br\/numar\/wp-content\/uploads\/sites\/6\/2017\/09\/WhatsApp-Image-2017-09-12-at-07.39.46-1.jpeg","type":"image\/jpeg"}],"author":"EVERTON ALVES","twitter_card":"summary_large_image","twitter_misc":{"Escrito por":"EVERTON ALVES","Est. tempo de leitura":"2 minutos"},"schema":{"@context":"https:\/\/schema.org","@graph":[{"@type":"Article","@id":"https:\/\/scb.org.br\/numar\/sala-de-imprensa\/nucleo-de-estudos-criacionista-sera-inaugurado-em-blumenau-sc\/#article","isPartOf":{"@id":"https:\/\/scb.org.br\/numar\/sala-de-imprensa\/nucleo-de-estudos-criacionista-sera-inaugurado-em-blumenau-sc\/"},"author":{"name":"EVERTON ALVES","@id":"https:\/\/scb.org.br\/numar\/#\/schema\/person\/f14bf877dc92f48d139ecf49bf826b34"},"headline":"N\u00facleo de estudos criacionista ser\u00e1 inaugurado em Blumenau-SC","datePublished":"2017-09-12T10:55:55+00:00","dateModified":"2023-07-18T01:26:14+00:00","mainEntityOfPage":{"@id":"https:\/\/scb.org.br\/numar\/sala-de-imprensa\/nucleo-de-estudos-criacionista-sera-inaugurado-em-blumenau-sc\/"},"wordCount":442,"publisher":{"@id":"https:\/\/scb.org.br\/numar\/#organization"},"image":{"@id":"https:\/\/scb.org.br\/numar\/sala-de-imprensa\/nucleo-de-estudos-criacionista-sera-inaugurado-em-blumenau-sc\/#primaryimage"},"thumbnailUrl":"https:\/\/scb.org.br\/numar\/wp-content\/uploads\/sites\/6\/2017\/09\/WhatsApp-Image-2017-09-12-at-07.39.46-1.jpeg","keywords":["Blumenau","criacionismo","Funda\u00e7\u00e3o","N\u00facleo","organiza\u00e7\u00e3o"],"articleSection":["Sala de Imprensa"],"inLanguage":"pt-BR"},{"@type":"WebPage","@id":"https:\/\/scb.org.br\/numar\/sala-de-imprensa\/nucleo-de-estudos-criacionista-sera-inaugurado-em-blumenau-sc\/","url":"https:\/\/scb.org.br\/numar\/sala-de-imprensa\/nucleo-de-estudos-criacionista-sera-inaugurado-em-blumenau-sc\/","name":"N\u00facleo de estudos criacionista ser\u00e1 inaugurado em Blumenau-SC - NUMAR-SCB","isPartOf":{"@id":"https:\/\/scb.org.br\/numar\/#website"},"primaryImageOfPage":{"@id":"https:\/\/scb.org.br\/numar\/sala-de-imprensa\/nucleo-de-estudos-criacionista-sera-inaugurado-em-blumenau-sc\/#primaryimage"},"image":{"@id":"https:\/\/scb.org.br\/numar\/sala-de-imprensa\/nucleo-de-estudos-criacionista-sera-inaugurado-em-blumenau-sc\/#primaryimage"},"thumbnailUrl":"https:\/\/scb.org.br\/numar\/wp-content\/uploads\/sites\/6\/2017\/09\/WhatsApp-Image-2017-09-12-at-07.39.46-1.jpeg","datePublished":"2017-09-12T10:55:55+00:00","dateModified":"2023-07-18T01:26:14+00:00","breadcrumb":{"@id":"https:\/\/scb.org.br\/numar\/sala-de-imprensa\/nucleo-de-estudos-criacionista-sera-inaugurado-em-blumenau-sc\/#breadcrumb"},"inLanguage":"pt-BR","potentialAction":[{"@type":"ReadAction","target":["https:\/\/scb.org.br\/numar\/sala-de-imprensa\/nucleo-de-estudos-criacionista-sera-inaugurado-em-blumenau-sc\/"]}]},{"@type":"ImageObject","inLanguage":"pt-BR","@id":"https:\/\/scb.org.br\/numar\/sala-de-imprensa\/nucleo-de-estudos-criacionista-sera-inaugurado-em-blumenau-sc\/#primaryimage","url":"https:\/\/scb.org.br\/numar\/wp-content\/uploads\/sites\/6\/2017\/09\/WhatsApp-Image-2017-09-12-at-07.39.46-1.jpeg","contentUrl":"https:\/\/scb.org.br\/numar\/wp-content\/uploads\/sites\/6\/2017\/09\/WhatsApp-Image-2017-09-12-at-07.39.46-1.jpeg","width":1280,"height":674},{"@type":"BreadcrumbList","@id":"https:\/\/scb.org.br\/numar\/sala-de-imprensa\/nucleo-de-estudos-criacionista-sera-inaugurado-em-blumenau-sc\/#breadcrumb","itemListElement":[{"@type":"ListItem","position":1,"name":"P\u00e1gina Inicial","item":"https:\/\/scb.org.br\/numar\/"},{"@type":"ListItem","position":2,"name":"N\u00facleo de estudos criacionista ser\u00e1 inaugurado em Blumenau-SC"}]},{"@type":"WebSite","@id":"https:\/\/scb.org.br\/numar\/#website","url":"https:\/\/scb.org.br\/numar\/","name":"NUMAR-SCB","description":"N\u00facleo Maringaense da Sociedade Criacionista Brasileira","publisher":{"@id":"https:\/\/scb.org.br\/numar\/#organization"},"potentialAction":[{"@type":"SearchAction","target":{"@type":"EntryPoint","urlTemplate":"https:\/\/scb.org.br\/numar\/?s={search_term_string}"},"query-input":{"@type":"PropertyValueSpecification","valueRequired":true,"valueName":"search_term_string"}}],"inLanguage":"pt-BR"},{"@type":"Organization","@id":"https:\/\/scb.org.br\/numar\/#organization","name":"NUMAR-SCB - N\u00facleo Maringaense da Sociedade Criacionista Brasileira","url":"https:\/\/scb.org.br\/numar\/","logo":{"@type":"ImageObject","inLanguage":"pt-BR","@id":"https:\/\/scb.org.br\/numar\/#\/schema\/logo\/image\/","url":"https:\/\/scb.org.br\/numar\/wp-content\/uploads\/sites\/6\/2020\/05\/logo-1.png","contentUrl":"https:\/\/scb.org.br\/numar\/wp-content\/uploads\/sites\/6\/2020\/05\/logo-1.png","width":248,"height":263,"caption":"NUMAR-SCB - N\u00facleo Maringaense da Sociedade Criacionista Brasileira"},"image":{"@id":"https:\/\/scb.org.br\/numar\/#\/schema\/logo\/image\/"}},{"@type":"Person","@id":"https:\/\/scb.org.br\/numar\/#\/schema\/person\/f14bf877dc92f48d139ecf49bf826b34","name":"EVERTON ALVES","image":{"@type":"ImageObject","inLanguage":"pt-BR","@id":"https:\/\/secure.gravatar.com\/avatar\/c9a9bf529febf0ba61bcb34fd09f5f8c76479b3d94ea42f1d132d3146c565d6d?s=96&d=mm&r=gd8285a1978137b6d04f6fd7d798b5297","url":"https:\/\/secure.gravatar.com\/avatar\/c9a9bf529febf0ba61bcb34fd09f5f8c76479b3d94ea42f1d132d3146c565d6d?s=96&d=mm&r=g","contentUrl":"https:\/\/secure.gravatar.com\/avatar\/c9a9bf529febf0ba61bcb34fd09f5f8c76479b3d94ea42f1d132d3146c565d6d?s=96&d=mm&r=g","caption":"EVERTON ALVES"}}]}},"authors":[],"_links":{"self":[{"href":"https:\/\/scb.org.br\/numar\/wp-json\/wp\/v2\/posts\/1750","targetHints":{"allow":["GET"]}}],"collection":[{"href":"https:\/\/scb.org.br\/numar\/wp-json\/wp\/v2\/posts"}],"about":[{"href":"https:\/\/scb.org.br\/numar\/wp-json\/wp\/v2\/types\/post"}],"author":[{"embeddable":true,"href":"https:\/\/scb.org.br\/numar\/wp-json\/wp\/v2\/users\/2171"}],"replies":[{"embeddable":true,"href":"https:\/\/scb.org.br\/numar\/wp-json\/wp\/v2\/comments?post=1750"}],"version-history":[{"count":2,"href":"https:\/\/scb.org.br\/numar\/wp-json\/wp\/v2\/posts\/1750\/revisions"}],"predecessor-version":[{"id":3329,"href":"https:\/\/scb.org.br\/numar\/wp-json\/wp\/v2\/posts\/1750\/revisions\/3329"}],"wp:featuredmedia":[{"embeddable":true,"href":"https:\/\/scb.org.br\/numar\/wp-json\/wp\/v2\/media\/1751"}],"wp:attachment":[{"href":"https:\/\/scb.org.br\/numar\/wp-json\/wp\/v2\/media?parent=1750"}],"wp:term":[{"taxonomy":"category","embeddable":true,"href":"https:\/\/scb.org.br\/numar\/wp-json\/wp\/v2\/categories?post=1750"},{"taxonomy":"post_tag","embeddable":true,"href":"https:\/\/scb.org.br\/numar\/wp-json\/wp\/v2\/tags?post=1750"}],"curies":[{"name":"wp","href":"https:\/\/api.w.org\/{rel}","templated":true}]}}