{"id":1658,"date":"2017-07-21T14:48:37","date_gmt":"2017-07-21T17:48:37","guid":{"rendered":"http:\/\/numar.scb.org.br\/?p=1658"},"modified":"2017-07-21T14:48:37","modified_gmt":"2017-07-21T17:48:37","slug":"cientista%e2%80%8b-%e2%80%8bex-ateu%e2%80%8b-%e2%80%8bparticipa%e2%80%8b-%e2%80%8bde%e2%80%8b-%e2%80%8bsimposio%e2%80%8b-%e2%80%8bcriacionista%e2%80%8b-%e2%80%8bem%e2%80%8b-%e2%80%8bcampo%e2%80%8b","status":"publish","type":"post","link":"https:\/\/scb.org.br\/numar\/sala-de-imprensa\/cientista%e2%80%8b-%e2%80%8bex-ateu%e2%80%8b-%e2%80%8bparticipa%e2%80%8b-%e2%80%8bde%e2%80%8b-%e2%80%8bsimposio%e2%80%8b-%e2%80%8bcriacionista%e2%80%8b-%e2%80%8bem%e2%80%8b-%e2%80%8bcampo%e2%80%8b\/","title":{"rendered":"Cientista\u200b \u200bex-ateu\u200b \u200bparticipa\u200b \u200bde\u200b \u200bsimp\u00f3sio\u200b \u200bcriacionista\u200b \u200bem\u200b \u200bCampo\u200b \u200bMour\u00e3o"},"content":{"rendered":"<div id=\"attachment_1668\" style=\"width: 302px\" class=\"wp-caption alignleft\"><img loading=\"lazy\" decoding=\"async\" aria-describedby=\"caption-attachment-1668\" class=\" wp-image-1668\" src=\"http:\/\/numar.scb.org.br\/wp-content\/uploads\/2017\/07\/DrGradyMcMurtry_HiRes-731x1024.jpg\" alt=\"cientista ex ateu\" width=\"292\" height=\"404\"><p id=\"caption-attachment-1668\" class=\"wp-caption-text\">Phd Grady S McMurtry<\/p><\/div>\n<p><span style=\"font-weight: 400\">Nas noites de 26 a 29 de julho, acontece, na cidade de Campo Mour\u00e3o, o <\/span><i><span style=\"font-weight: 400\">Simp\u00f3sio Criacionista Um Di\u00e1logo Sobre a Origem da Vida<\/span><\/i><span style=\"font-weight: 400\">. &nbsp;O evento tem <\/span><span style=\"font-weight: 400\">o objetivo de apresentar uma interpreta\u00e7\u00e3o alternativa da natureza a partir da cosmovis\u00e3o criacionista b\u00edblica nas discuss\u00f5es acad\u00eamicas sobre a origem da vida. <\/span><span style=\"font-weight: 400\">Ser\u00e3o quatro noites de muita informa\u00e7\u00e3o para a comunidade, com palestras de cientistas do<\/span><span style=\"font-weight: 400\"> N\u00facleo Maringaense da Sociedade Criacionista Brasileira (<\/span><span style=\"font-weight: 400\">Numar-SCB), e participa\u00e7\u00e3o internacional de um cientista que j\u00e1 foi ateu e hoje \u00e9 um grande \u00edcone na divulga\u00e7\u00e3o do criacionismo, o Dr. Grady S. McMurtry, que passa uma temporada no Brasil. <\/span><span style=\"font-weight: 400\"><br \/>\n<\/span><span style=\"font-weight: 400\"><br \/>\n<\/span><b>PALESTRAS<\/b><span style=\"font-weight: 400\"><br \/>\n<\/span><span style=\"font-weight: 400\">26\/07 - <em><strong>O Dil\u00favio e a Arca de No\u00e9<\/strong><\/em><\/span><span style=\"font-weight: 400\"><br \/>\n<\/span><span style=\"font-weight: 400\">27\/07 - <em><strong>Teoria do Design Inteligente<\/strong> <\/em><\/span><span style=\"font-weight: 400\"><br \/>\n<\/span><span style=\"font-weight: 400\">Duas noites com o M<\/span><span style=\"font-weight: 400\">estre em Ci\u00eancias Everton Fernando Alves, autor de diversos <a href=\"http:\/\/creationwiki.org\/pt\/Everton_Fernando_Alves\" target=\"_blank\" rel=\"noopener noreferrer\"><strong>artigos publicados<\/strong><\/a> em revistas cient\u00edficas, na \u00e1rea Biom\u00e9dica, e Rela\u00e7\u00f5es P\u00fablicas do Numar-SCB.<\/span><\/p>\n<p><span style=\"font-weight: 400\">28\/07 -<em><strong> As Digitais do Criador<\/strong><\/em><\/span><span style=\"font-weight: 400\"><br \/>\n<\/span><span style=\"font-weight: 400\">Com o Dr. Agrinaldo Jacinto do Nascimento J\u00fanior, Qu\u00edmico, professor do <\/span><span style=\"font-weight: 400\">Instituto Federal do Paran\u00e1 (IFPR), e <\/span><span style=\"font-weight: 400\">Diretor-Presidente do Numar-SCB.<\/span><\/p>\n<p><span style=\"font-weight: 400\">29\/07 - <em><strong>A Origem da Vida<\/strong><\/em><\/span><span style=\"font-weight: 400\"><br \/>\n<\/span><span style=\"font-weight: 400\">Com o palestrante de renome internacional <\/span><i><span style=\"font-weight: 400\">PhD<\/span><\/i><span style=\"font-weight: 400\">. Grady S. McMurtry, <\/span><span style=\"font-weight: 400\">fundador e presidente da <\/span><a href=\"http:\/\/www.creationworldview.org\/aboutus.asp\" target=\"_blank\" rel=\"noopener noreferrer\"><i><span style=\"font-weight: 400\">Creation Worldview Ministries<\/span><\/i><\/a><span style=\"font-weight: 400\"> (<strong>Minist\u00e9rios da Cosmo<\/strong><strong>vis\u00e3o Criacionista<\/strong>).<\/span><\/p>\n<p><b>SOBRE O DR. MCMURTRY<\/b><span style=\"font-weight: 400\"><br \/>\nCientista e professor de Ci\u00eancia e Religi\u00e3o, com \u00eanfase em Criacionismo.&nbsp;<\/span><span style=\"font-weight: 400\">Autor do <strong><a href=\"https:\/\/www.estantevirtual.com.br\/autor\/dr-grady-s-mcmurtry\">livro <\/a><\/strong><\/span><i><span style=\"font-weight: 400\">Cria\u00e7\u00e3o ou Evolu\u00e7\u00e3o: onde est\u00e1 a verdade cient\u00edfica<\/span><\/i><span style=\"font-weight: 400\"> (A.D.Santos Editora), h\u00e1 38 anos divulga o criacionismo b\u00edblico cient\u00edfico. Antes, por\u00e9m, foi professor de Evolu\u00e7\u00e3o durante dez anos. Seu curr\u00edculo \u00e9 extenso, e mostra o quanto ele se dedica aos assuntos que se prop\u00f5e a ensinar: Bacharel em Ci\u00eancias Agron\u00f4micas pela Universidade do Tennessee, Mestre em Ci\u00eancias Ambientais pela Universidade Estadual de Nova Iorque, Doutor em Teologia pela Faculdade Teol\u00f3gica Beacon, de Columbus, e Doutor em Literatura pela Universidade Mid-Continent, no Kentucky.<\/span><\/p>\n<p><b>INSCRI\u00c7\u00d5ES<\/b><span style=\"font-weight: 400\">: <\/span><span style=\"font-weight: 400\"><br \/>\n26 a 29 de Julho, \u00e0s 20h<br \/>\nR. Roberto Brzezinski, 1519 - Centro, em frente ao Espa\u00e7o Allure, Campo Mour\u00e3o-PR<br \/>\n<\/span><span style=\"font-weight: 400\">Para participar do evento, basta inscrever-se online, no site: <\/span><span style=\"font-weight: 400\">www.inscritoja.com.br<br \/>\n<\/span>As inscri\u00e7\u00f5es s\u00e3o gratuitas, e haver\u00e1 certificado de participa\u00e7\u00e3o.<br \/>\nAproveite a oportunidade!<\/p>\n","protected":false},"excerpt":{"rendered":"<p>Nas noites de 26 a 29 de julho, acontece, na cidade de Campo Mour\u00e3o, o Simp\u00f3sio Criacionista Um Di\u00e1logo Sobre a Origem da Vida. &nbsp;O evento tem o objetivo de apresentar uma interpreta\u00e7\u00e3o alternativa da natureza a partir da cosmovis\u00e3o criacionista b\u00edblica nas discuss\u00f5es acad\u00eamicas sobre a origem da vida. Ser\u00e3o quatro noites de muita [&hellip;]<\/p>\n","protected":false},"author":1903,"featured_media":1667,"comment_status":"closed","ping_status":"open","sticky":false,"template":"","format":"standard","meta":{"_acf_changed":false,"om_disable_all_campaigns":false,"footnotes":""},"categories":[191,182],"tags":[84,195,196,78,64,197,198,186],"class_list":["post-1658","post","type-post","status-publish","format-standard","has-post-thumbnail","hentry","category-press-release","category-sala-de-imprensa","tag-cientista","tag-cientista-ex-ateu","tag-cosmovisao-criacionista","tag-criacionismo","tag-diluvio","tag-dr-grady","tag-ex-ateu","tag-simposio"],"acf":[],"yoast_head":"<!-- This site is optimized with the Yoast SEO plugin v27.3 - https:\/\/yoast.com\/product\/yoast-seo-wordpress\/ -->\n<title>Cientista ex-ateu participa de simp\u00f3sio criacionista em Campo Mour\u00e3o<\/title>\n<meta name=\"description\" content=\"Evento criacionista traz o cientista ex-ateu PhD. Grady S. McMurtry para falar sobre cosmovis\u00e3o criacionista, de 26 a 29 de julho. Inscreva-se aqui. Gr\u00e1tis!\" \/>\n<meta name=\"robots\" content=\"index, follow, max-snippet:-1, max-image-preview:large, max-video-preview:-1\" \/>\n<link rel=\"canonical\" href=\"https:\/\/scb.org.br\/numar\/sala-de-imprensa\/cientista\u200b-\u200bex-ateu\u200b-\u200bparticipa\u200b-\u200bde\u200b-\u200bsimposio\u200b-\u200bcriacionista\u200b-\u200bem\u200b-\u200bcampo\u200b\/\" \/>\n<meta property=\"og:locale\" content=\"pt_BR\" \/>\n<meta property=\"og:type\" content=\"article\" \/>\n<meta property=\"og:title\" content=\"Cientista ex-ateu participa de simp\u00f3sio criacionista em Campo Mour\u00e3o\" \/>\n<meta property=\"og:description\" content=\"Evento criacionista traz o cientista ex-ateu PhD. Grady S. McMurtry para falar sobre cosmovis\u00e3o criacionista, de 26 a 29 de julho. Inscreva-se aqui. Gr\u00e1tis!\" \/>\n<meta property=\"og:url\" content=\"https:\/\/scb.org.br\/numar\/sala-de-imprensa\/cientista\u200b-\u200bex-ateu\u200b-\u200bparticipa\u200b-\u200bde\u200b-\u200bsimposio\u200b-\u200bcriacionista\u200b-\u200bem\u200b-\u200bcampo\u200b\/\" \/>\n<meta property=\"og:site_name\" content=\"NUMAR-SCB\" \/>\n<meta property=\"article:published_time\" content=\"2017-07-21T17:48:37+00:00\" \/>\n<meta property=\"og:image\" content=\"https:\/\/scb.org.br\/numar\/wp-content\/uploads\/sites\/6\/2017\/07\/campo-mour\u00e3o.jpg\" \/>\n\t<meta property=\"og:image:width\" content=\"1200\" \/>\n\t<meta property=\"og:image:height\" content=\"510\" \/>\n\t<meta property=\"og:image:type\" content=\"image\/jpeg\" \/>\n<meta name=\"author\" content=\"D\u00e9bora Carvalho\" \/>\n<meta name=\"twitter:card\" content=\"summary_large_image\" \/>\n<meta name=\"twitter:label1\" content=\"Escrito por\" \/>\n\t<meta name=\"twitter:data1\" content=\"D\u00e9bora Carvalho\" \/>\n\t<meta name=\"twitter:label2\" content=\"Est. tempo de leitura\" \/>\n\t<meta name=\"twitter:data2\" content=\"2 minutos\" \/>\n<script type=\"application\/ld+json\" class=\"yoast-schema-graph\">{\"@context\":\"https:\\\/\\\/schema.org\",\"@graph\":[{\"@type\":\"Article\",\"@id\":\"https:\\\/\\\/scb.org.br\\\/numar\\\/sala-de-imprensa\\\/cientista%e2%80%8b-%e2%80%8bex-ateu%e2%80%8b-%e2%80%8bparticipa%e2%80%8b-%e2%80%8bde%e2%80%8b-%e2%80%8bsimposio%e2%80%8b-%e2%80%8bcriacionista%e2%80%8b-%e2%80%8bem%e2%80%8b-%e2%80%8bcampo%e2%80%8b\\\/#article\",\"isPartOf\":{\"@id\":\"https:\\\/\\\/scb.org.br\\\/numar\\\/sala-de-imprensa\\\/cientista%e2%80%8b-%e2%80%8bex-ateu%e2%80%8b-%e2%80%8bparticipa%e2%80%8b-%e2%80%8bde%e2%80%8b-%e2%80%8bsimposio%e2%80%8b-%e2%80%8bcriacionista%e2%80%8b-%e2%80%8bem%e2%80%8b-%e2%80%8bcampo%e2%80%8b\\\/\"},\"author\":{\"name\":\"D\u00e9bora Carvalho\",\"@id\":\"https:\\\/\\\/scb.org.br\\\/numar\\\/#\\\/schema\\\/person\\\/d72241f2e17230d0b318b5e80cd7e558\"},\"headline\":\"Cientista\u200b \u200bex-ateu\u200b \u200bparticipa\u200b \u200bde\u200b \u200bsimp\u00f3sio\u200b \u200bcriacionista\u200b \u200bem\u200b \u200bCampo\u200b \u200bMour\u00e3o\",\"datePublished\":\"2017-07-21T17:48:37+00:00\",\"mainEntityOfPage\":{\"@id\":\"https:\\\/\\\/scb.org.br\\\/numar\\\/sala-de-imprensa\\\/cientista%e2%80%8b-%e2%80%8bex-ateu%e2%80%8b-%e2%80%8bparticipa%e2%80%8b-%e2%80%8bde%e2%80%8b-%e2%80%8bsimposio%e2%80%8b-%e2%80%8bcriacionista%e2%80%8b-%e2%80%8bem%e2%80%8b-%e2%80%8bcampo%e2%80%8b\\\/\"},\"wordCount\":402,\"publisher\":{\"@id\":\"https:\\\/\\\/scb.org.br\\\/numar\\\/#organization\"},\"image\":{\"@id\":\"https:\\\/\\\/scb.org.br\\\/numar\\\/sala-de-imprensa\\\/cientista%e2%80%8b-%e2%80%8bex-ateu%e2%80%8b-%e2%80%8bparticipa%e2%80%8b-%e2%80%8bde%e2%80%8b-%e2%80%8bsimposio%e2%80%8b-%e2%80%8bcriacionista%e2%80%8b-%e2%80%8bem%e2%80%8b-%e2%80%8bcampo%e2%80%8b\\\/#primaryimage\"},\"thumbnailUrl\":\"https:\\\/\\\/scb.org.br\\\/numar\\\/wp-content\\\/uploads\\\/sites\\\/6\\\/2017\\\/07\\\/campo-mour\u00e3o.jpg\",\"keywords\":[\"cientista\",\"cientista ex-ateu\",\"cosmovis\u00e3o criacionista\",\"criacionismo\",\"dil\u00favio\",\"Dr. Grady\",\"ex-ateu\",\"simp\u00f3sio\"],\"articleSection\":[\"Press Release\",\"Sala de Imprensa\"],\"inLanguage\":\"pt-BR\"},{\"@type\":\"WebPage\",\"@id\":\"https:\\\/\\\/scb.org.br\\\/numar\\\/sala-de-imprensa\\\/cientista%e2%80%8b-%e2%80%8bex-ateu%e2%80%8b-%e2%80%8bparticipa%e2%80%8b-%e2%80%8bde%e2%80%8b-%e2%80%8bsimposio%e2%80%8b-%e2%80%8bcriacionista%e2%80%8b-%e2%80%8bem%e2%80%8b-%e2%80%8bcampo%e2%80%8b\\\/\",\"url\":\"https:\\\/\\\/scb.org.br\\\/numar\\\/sala-de-imprensa\\\/cientista%e2%80%8b-%e2%80%8bex-ateu%e2%80%8b-%e2%80%8bparticipa%e2%80%8b-%e2%80%8bde%e2%80%8b-%e2%80%8bsimposio%e2%80%8b-%e2%80%8bcriacionista%e2%80%8b-%e2%80%8bem%e2%80%8b-%e2%80%8bcampo%e2%80%8b\\\/\",\"name\":\"Cientista ex-ateu participa de simp\u00f3sio criacionista em Campo Mour\u00e3o\",\"isPartOf\":{\"@id\":\"https:\\\/\\\/scb.org.br\\\/numar\\\/#website\"},\"primaryImageOfPage\":{\"@id\":\"https:\\\/\\\/scb.org.br\\\/numar\\\/sala-de-imprensa\\\/cientista%e2%80%8b-%e2%80%8bex-ateu%e2%80%8b-%e2%80%8bparticipa%e2%80%8b-%e2%80%8bde%e2%80%8b-%e2%80%8bsimposio%e2%80%8b-%e2%80%8bcriacionista%e2%80%8b-%e2%80%8bem%e2%80%8b-%e2%80%8bcampo%e2%80%8b\\\/#primaryimage\"},\"image\":{\"@id\":\"https:\\\/\\\/scb.org.br\\\/numar\\\/sala-de-imprensa\\\/cientista%e2%80%8b-%e2%80%8bex-ateu%e2%80%8b-%e2%80%8bparticipa%e2%80%8b-%e2%80%8bde%e2%80%8b-%e2%80%8bsimposio%e2%80%8b-%e2%80%8bcriacionista%e2%80%8b-%e2%80%8bem%e2%80%8b-%e2%80%8bcampo%e2%80%8b\\\/#primaryimage\"},\"thumbnailUrl\":\"https:\\\/\\\/scb.org.br\\\/numar\\\/wp-content\\\/uploads\\\/sites\\\/6\\\/2017\\\/07\\\/campo-mour\u00e3o.jpg\",\"datePublished\":\"2017-07-21T17:48:37+00:00\",\"description\":\"Evento criacionista traz o cientista ex-ateu PhD. Grady S. McMurtry para falar sobre cosmovis\u00e3o criacionista, de 26 a 29 de julho. Inscreva-se aqui. Gr\u00e1tis!\",\"breadcrumb\":{\"@id\":\"https:\\\/\\\/scb.org.br\\\/numar\\\/sala-de-imprensa\\\/cientista%e2%80%8b-%e2%80%8bex-ateu%e2%80%8b-%e2%80%8bparticipa%e2%80%8b-%e2%80%8bde%e2%80%8b-%e2%80%8bsimposio%e2%80%8b-%e2%80%8bcriacionista%e2%80%8b-%e2%80%8bem%e2%80%8b-%e2%80%8bcampo%e2%80%8b\\\/#breadcrumb\"},\"inLanguage\":\"pt-BR\",\"potentialAction\":[{\"@type\":\"ReadAction\",\"target\":[\"https:\\\/\\\/scb.org.br\\\/numar\\\/sala-de-imprensa\\\/cientista%e2%80%8b-%e2%80%8bex-ateu%e2%80%8b-%e2%80%8bparticipa%e2%80%8b-%e2%80%8bde%e2%80%8b-%e2%80%8bsimposio%e2%80%8b-%e2%80%8bcriacionista%e2%80%8b-%e2%80%8bem%e2%80%8b-%e2%80%8bcampo%e2%80%8b\\\/\"]}]},{\"@type\":\"ImageObject\",\"inLanguage\":\"pt-BR\",\"@id\":\"https:\\\/\\\/scb.org.br\\\/numar\\\/sala-de-imprensa\\\/cientista%e2%80%8b-%e2%80%8bex-ateu%e2%80%8b-%e2%80%8bparticipa%e2%80%8b-%e2%80%8bde%e2%80%8b-%e2%80%8bsimposio%e2%80%8b-%e2%80%8bcriacionista%e2%80%8b-%e2%80%8bem%e2%80%8b-%e2%80%8bcampo%e2%80%8b\\\/#primaryimage\",\"url\":\"https:\\\/\\\/scb.org.br\\\/numar\\\/wp-content\\\/uploads\\\/sites\\\/6\\\/2017\\\/07\\\/campo-mour\u00e3o.jpg\",\"contentUrl\":\"https:\\\/\\\/scb.org.br\\\/numar\\\/wp-content\\\/uploads\\\/sites\\\/6\\\/2017\\\/07\\\/campo-mour\u00e3o.jpg\",\"width\":1200,\"height\":510,\"caption\":\"Simp\u00f3sio Criacionista\"},{\"@type\":\"BreadcrumbList\",\"@id\":\"https:\\\/\\\/scb.org.br\\\/numar\\\/sala-de-imprensa\\\/cientista%e2%80%8b-%e2%80%8bex-ateu%e2%80%8b-%e2%80%8bparticipa%e2%80%8b-%e2%80%8bde%e2%80%8b-%e2%80%8bsimposio%e2%80%8b-%e2%80%8bcriacionista%e2%80%8b-%e2%80%8bem%e2%80%8b-%e2%80%8bcampo%e2%80%8b\\\/#breadcrumb\",\"itemListElement\":[{\"@type\":\"ListItem\",\"position\":1,\"name\":\"P\u00e1gina Inicial\",\"item\":\"https:\\\/\\\/scb.org.br\\\/numar\\\/\"},{\"@type\":\"ListItem\",\"position\":2,\"name\":\"Cientista\u200b \u200bex-ateu\u200b \u200bparticipa\u200b \u200bde\u200b \u200bsimp\u00f3sio\u200b \u200bcriacionista\u200b \u200bem\u200b \u200bCampo\u200b \u200bMour\u00e3o\"}]},{\"@type\":\"WebSite\",\"@id\":\"https:\\\/\\\/scb.org.br\\\/numar\\\/#website\",\"url\":\"https:\\\/\\\/scb.org.br\\\/numar\\\/\",\"name\":\"NUMAR-SCB\",\"description\":\"N\u00facleo Maringaense da Sociedade Criacionista Brasileira\",\"publisher\":{\"@id\":\"https:\\\/\\\/scb.org.br\\\/numar\\\/#organization\"},\"potentialAction\":[{\"@type\":\"SearchAction\",\"target\":{\"@type\":\"EntryPoint\",\"urlTemplate\":\"https:\\\/\\\/scb.org.br\\\/numar\\\/?s={search_term_string}\"},\"query-input\":{\"@type\":\"PropertyValueSpecification\",\"valueRequired\":true,\"valueName\":\"search_term_string\"}}],\"inLanguage\":\"pt-BR\"},{\"@type\":\"Organization\",\"@id\":\"https:\\\/\\\/scb.org.br\\\/numar\\\/#organization\",\"name\":\"NUMAR-SCB - N\u00facleo Maringaense da Sociedade Criacionista Brasileira\",\"url\":\"https:\\\/\\\/scb.org.br\\\/numar\\\/\",\"logo\":{\"@type\":\"ImageObject\",\"inLanguage\":\"pt-BR\",\"@id\":\"https:\\\/\\\/scb.org.br\\\/numar\\\/#\\\/schema\\\/logo\\\/image\\\/\",\"url\":\"https:\\\/\\\/scb.org.br\\\/numar\\\/wp-content\\\/uploads\\\/sites\\\/6\\\/2020\\\/05\\\/logo-1.png\",\"contentUrl\":\"https:\\\/\\\/scb.org.br\\\/numar\\\/wp-content\\\/uploads\\\/sites\\\/6\\\/2020\\\/05\\\/logo-1.png\",\"width\":248,\"height\":263,\"caption\":\"NUMAR-SCB - N\u00facleo Maringaense da Sociedade Criacionista Brasileira\"},\"image\":{\"@id\":\"https:\\\/\\\/scb.org.br\\\/numar\\\/#\\\/schema\\\/logo\\\/image\\\/\"}},{\"@type\":\"Person\",\"@id\":\"https:\\\/\\\/scb.org.br\\\/numar\\\/#\\\/schema\\\/person\\\/d72241f2e17230d0b318b5e80cd7e558\",\"name\":\"D\u00e9bora Carvalho\",\"image\":{\"@type\":\"ImageObject\",\"inLanguage\":\"pt-BR\",\"@id\":\"https:\\\/\\\/secure.gravatar.com\\\/avatar\\\/40f3fede9aef7aa21fa1adfe4fd6b9b85c70a94ee234fc18c3afdcc651f0bd22?s=96&d=mm&r=ga2c80e469d77a2ff6c45e33b68f8d53e\",\"url\":\"https:\\\/\\\/secure.gravatar.com\\\/avatar\\\/40f3fede9aef7aa21fa1adfe4fd6b9b85c70a94ee234fc18c3afdcc651f0bd22?s=96&d=mm&r=g\",\"contentUrl\":\"https:\\\/\\\/secure.gravatar.com\\\/avatar\\\/40f3fede9aef7aa21fa1adfe4fd6b9b85c70a94ee234fc18c3afdcc651f0bd22?s=96&d=mm&r=g\",\"caption\":\"D\u00e9bora Carvalho\"}}]}<\/script>\n<!-- \/ Yoast SEO plugin. -->","yoast_head_json":{"title":"Cientista ex-ateu participa de simp\u00f3sio criacionista em Campo Mour\u00e3o","description":"Evento criacionista traz o cientista ex-ateu PhD. Grady S. McMurtry para falar sobre cosmovis\u00e3o criacionista, de 26 a 29 de julho. Inscreva-se aqui. Gr\u00e1tis!","robots":{"index":"index","follow":"follow","max-snippet":"max-snippet:-1","max-image-preview":"max-image-preview:large","max-video-preview":"max-video-preview:-1"},"canonical":"https:\/\/scb.org.br\/numar\/sala-de-imprensa\/cientista\u200b-\u200bex-ateu\u200b-\u200bparticipa\u200b-\u200bde\u200b-\u200bsimposio\u200b-\u200bcriacionista\u200b-\u200bem\u200b-\u200bcampo\u200b\/","og_locale":"pt_BR","og_type":"article","og_title":"Cientista ex-ateu participa de simp\u00f3sio criacionista em Campo Mour\u00e3o","og_description":"Evento criacionista traz o cientista ex-ateu PhD. Grady S. McMurtry para falar sobre cosmovis\u00e3o criacionista, de 26 a 29 de julho. Inscreva-se aqui. Gr\u00e1tis!","og_url":"https:\/\/scb.org.br\/numar\/sala-de-imprensa\/cientista\u200b-\u200bex-ateu\u200b-\u200bparticipa\u200b-\u200bde\u200b-\u200bsimposio\u200b-\u200bcriacionista\u200b-\u200bem\u200b-\u200bcampo\u200b\/","og_site_name":"NUMAR-SCB","article_published_time":"2017-07-21T17:48:37+00:00","og_image":[{"width":1200,"height":510,"url":"https:\/\/scb.org.br\/numar\/wp-content\/uploads\/sites\/6\/2017\/07\/campo-mour\u00e3o.jpg","type":"image\/jpeg"}],"author":"D\u00e9bora Carvalho","twitter_card":"summary_large_image","twitter_misc":{"Escrito por":"D\u00e9bora Carvalho","Est. tempo de leitura":"2 minutos"},"schema":{"@context":"https:\/\/schema.org","@graph":[{"@type":"Article","@id":"https:\/\/scb.org.br\/numar\/sala-de-imprensa\/cientista%e2%80%8b-%e2%80%8bex-ateu%e2%80%8b-%e2%80%8bparticipa%e2%80%8b-%e2%80%8bde%e2%80%8b-%e2%80%8bsimposio%e2%80%8b-%e2%80%8bcriacionista%e2%80%8b-%e2%80%8bem%e2%80%8b-%e2%80%8bcampo%e2%80%8b\/#article","isPartOf":{"@id":"https:\/\/scb.org.br\/numar\/sala-de-imprensa\/cientista%e2%80%8b-%e2%80%8bex-ateu%e2%80%8b-%e2%80%8bparticipa%e2%80%8b-%e2%80%8bde%e2%80%8b-%e2%80%8bsimposio%e2%80%8b-%e2%80%8bcriacionista%e2%80%8b-%e2%80%8bem%e2%80%8b-%e2%80%8bcampo%e2%80%8b\/"},"author":{"name":"D\u00e9bora Carvalho","@id":"https:\/\/scb.org.br\/numar\/#\/schema\/person\/d72241f2e17230d0b318b5e80cd7e558"},"headline":"Cientista\u200b \u200bex-ateu\u200b \u200bparticipa\u200b \u200bde\u200b \u200bsimp\u00f3sio\u200b \u200bcriacionista\u200b \u200bem\u200b \u200bCampo\u200b \u200bMour\u00e3o","datePublished":"2017-07-21T17:48:37+00:00","mainEntityOfPage":{"@id":"https:\/\/scb.org.br\/numar\/sala-de-imprensa\/cientista%e2%80%8b-%e2%80%8bex-ateu%e2%80%8b-%e2%80%8bparticipa%e2%80%8b-%e2%80%8bde%e2%80%8b-%e2%80%8bsimposio%e2%80%8b-%e2%80%8bcriacionista%e2%80%8b-%e2%80%8bem%e2%80%8b-%e2%80%8bcampo%e2%80%8b\/"},"wordCount":402,"publisher":{"@id":"https:\/\/scb.org.br\/numar\/#organization"},"image":{"@id":"https:\/\/scb.org.br\/numar\/sala-de-imprensa\/cientista%e2%80%8b-%e2%80%8bex-ateu%e2%80%8b-%e2%80%8bparticipa%e2%80%8b-%e2%80%8bde%e2%80%8b-%e2%80%8bsimposio%e2%80%8b-%e2%80%8bcriacionista%e2%80%8b-%e2%80%8bem%e2%80%8b-%e2%80%8bcampo%e2%80%8b\/#primaryimage"},"thumbnailUrl":"https:\/\/scb.org.br\/numar\/wp-content\/uploads\/sites\/6\/2017\/07\/campo-mour\u00e3o.jpg","keywords":["cientista","cientista ex-ateu","cosmovis\u00e3o criacionista","criacionismo","dil\u00favio","Dr. Grady","ex-ateu","simp\u00f3sio"],"articleSection":["Press Release","Sala de Imprensa"],"inLanguage":"pt-BR"},{"@type":"WebPage","@id":"https:\/\/scb.org.br\/numar\/sala-de-imprensa\/cientista%e2%80%8b-%e2%80%8bex-ateu%e2%80%8b-%e2%80%8bparticipa%e2%80%8b-%e2%80%8bde%e2%80%8b-%e2%80%8bsimposio%e2%80%8b-%e2%80%8bcriacionista%e2%80%8b-%e2%80%8bem%e2%80%8b-%e2%80%8bcampo%e2%80%8b\/","url":"https:\/\/scb.org.br\/numar\/sala-de-imprensa\/cientista%e2%80%8b-%e2%80%8bex-ateu%e2%80%8b-%e2%80%8bparticipa%e2%80%8b-%e2%80%8bde%e2%80%8b-%e2%80%8bsimposio%e2%80%8b-%e2%80%8bcriacionista%e2%80%8b-%e2%80%8bem%e2%80%8b-%e2%80%8bcampo%e2%80%8b\/","name":"Cientista ex-ateu participa de simp\u00f3sio criacionista em Campo Mour\u00e3o","isPartOf":{"@id":"https:\/\/scb.org.br\/numar\/#website"},"primaryImageOfPage":{"@id":"https:\/\/scb.org.br\/numar\/sala-de-imprensa\/cientista%e2%80%8b-%e2%80%8bex-ateu%e2%80%8b-%e2%80%8bparticipa%e2%80%8b-%e2%80%8bde%e2%80%8b-%e2%80%8bsimposio%e2%80%8b-%e2%80%8bcriacionista%e2%80%8b-%e2%80%8bem%e2%80%8b-%e2%80%8bcampo%e2%80%8b\/#primaryimage"},"image":{"@id":"https:\/\/scb.org.br\/numar\/sala-de-imprensa\/cientista%e2%80%8b-%e2%80%8bex-ateu%e2%80%8b-%e2%80%8bparticipa%e2%80%8b-%e2%80%8bde%e2%80%8b-%e2%80%8bsimposio%e2%80%8b-%e2%80%8bcriacionista%e2%80%8b-%e2%80%8bem%e2%80%8b-%e2%80%8bcampo%e2%80%8b\/#primaryimage"},"thumbnailUrl":"https:\/\/scb.org.br\/numar\/wp-content\/uploads\/sites\/6\/2017\/07\/campo-mour\u00e3o.jpg","datePublished":"2017-07-21T17:48:37+00:00","description":"Evento criacionista traz o cientista ex-ateu PhD. Grady S. McMurtry para falar sobre cosmovis\u00e3o criacionista, de 26 a 29 de julho. Inscreva-se aqui. Gr\u00e1tis!","breadcrumb":{"@id":"https:\/\/scb.org.br\/numar\/sala-de-imprensa\/cientista%e2%80%8b-%e2%80%8bex-ateu%e2%80%8b-%e2%80%8bparticipa%e2%80%8b-%e2%80%8bde%e2%80%8b-%e2%80%8bsimposio%e2%80%8b-%e2%80%8bcriacionista%e2%80%8b-%e2%80%8bem%e2%80%8b-%e2%80%8bcampo%e2%80%8b\/#breadcrumb"},"inLanguage":"pt-BR","potentialAction":[{"@type":"ReadAction","target":["https:\/\/scb.org.br\/numar\/sala-de-imprensa\/cientista%e2%80%8b-%e2%80%8bex-ateu%e2%80%8b-%e2%80%8bparticipa%e2%80%8b-%e2%80%8bde%e2%80%8b-%e2%80%8bsimposio%e2%80%8b-%e2%80%8bcriacionista%e2%80%8b-%e2%80%8bem%e2%80%8b-%e2%80%8bcampo%e2%80%8b\/"]}]},{"@type":"ImageObject","inLanguage":"pt-BR","@id":"https:\/\/scb.org.br\/numar\/sala-de-imprensa\/cientista%e2%80%8b-%e2%80%8bex-ateu%e2%80%8b-%e2%80%8bparticipa%e2%80%8b-%e2%80%8bde%e2%80%8b-%e2%80%8bsimposio%e2%80%8b-%e2%80%8bcriacionista%e2%80%8b-%e2%80%8bem%e2%80%8b-%e2%80%8bcampo%e2%80%8b\/#primaryimage","url":"https:\/\/scb.org.br\/numar\/wp-content\/uploads\/sites\/6\/2017\/07\/campo-mour\u00e3o.jpg","contentUrl":"https:\/\/scb.org.br\/numar\/wp-content\/uploads\/sites\/6\/2017\/07\/campo-mour\u00e3o.jpg","width":1200,"height":510,"caption":"Simp\u00f3sio Criacionista"},{"@type":"BreadcrumbList","@id":"https:\/\/scb.org.br\/numar\/sala-de-imprensa\/cientista%e2%80%8b-%e2%80%8bex-ateu%e2%80%8b-%e2%80%8bparticipa%e2%80%8b-%e2%80%8bde%e2%80%8b-%e2%80%8bsimposio%e2%80%8b-%e2%80%8bcriacionista%e2%80%8b-%e2%80%8bem%e2%80%8b-%e2%80%8bcampo%e2%80%8b\/#breadcrumb","itemListElement":[{"@type":"ListItem","position":1,"name":"P\u00e1gina Inicial","item":"https:\/\/scb.org.br\/numar\/"},{"@type":"ListItem","position":2,"name":"Cientista\u200b \u200bex-ateu\u200b \u200bparticipa\u200b \u200bde\u200b \u200bsimp\u00f3sio\u200b \u200bcriacionista\u200b \u200bem\u200b \u200bCampo\u200b \u200bMour\u00e3o"}]},{"@type":"WebSite","@id":"https:\/\/scb.org.br\/numar\/#website","url":"https:\/\/scb.org.br\/numar\/","name":"NUMAR-SCB","description":"N\u00facleo Maringaense da Sociedade Criacionista Brasileira","publisher":{"@id":"https:\/\/scb.org.br\/numar\/#organization"},"potentialAction":[{"@type":"SearchAction","target":{"@type":"EntryPoint","urlTemplate":"https:\/\/scb.org.br\/numar\/?s={search_term_string}"},"query-input":{"@type":"PropertyValueSpecification","valueRequired":true,"valueName":"search_term_string"}}],"inLanguage":"pt-BR"},{"@type":"Organization","@id":"https:\/\/scb.org.br\/numar\/#organization","name":"NUMAR-SCB - N\u00facleo Maringaense da Sociedade Criacionista Brasileira","url":"https:\/\/scb.org.br\/numar\/","logo":{"@type":"ImageObject","inLanguage":"pt-BR","@id":"https:\/\/scb.org.br\/numar\/#\/schema\/logo\/image\/","url":"https:\/\/scb.org.br\/numar\/wp-content\/uploads\/sites\/6\/2020\/05\/logo-1.png","contentUrl":"https:\/\/scb.org.br\/numar\/wp-content\/uploads\/sites\/6\/2020\/05\/logo-1.png","width":248,"height":263,"caption":"NUMAR-SCB - N\u00facleo Maringaense da Sociedade Criacionista Brasileira"},"image":{"@id":"https:\/\/scb.org.br\/numar\/#\/schema\/logo\/image\/"}},{"@type":"Person","@id":"https:\/\/scb.org.br\/numar\/#\/schema\/person\/d72241f2e17230d0b318b5e80cd7e558","name":"D\u00e9bora Carvalho","image":{"@type":"ImageObject","inLanguage":"pt-BR","@id":"https:\/\/secure.gravatar.com\/avatar\/40f3fede9aef7aa21fa1adfe4fd6b9b85c70a94ee234fc18c3afdcc651f0bd22?s=96&d=mm&r=ga2c80e469d77a2ff6c45e33b68f8d53e","url":"https:\/\/secure.gravatar.com\/avatar\/40f3fede9aef7aa21fa1adfe4fd6b9b85c70a94ee234fc18c3afdcc651f0bd22?s=96&d=mm&r=g","contentUrl":"https:\/\/secure.gravatar.com\/avatar\/40f3fede9aef7aa21fa1adfe4fd6b9b85c70a94ee234fc18c3afdcc651f0bd22?s=96&d=mm&r=g","caption":"D\u00e9bora Carvalho"}}]}},"authors":[],"_links":{"self":[{"href":"https:\/\/scb.org.br\/numar\/wp-json\/wp\/v2\/posts\/1658","targetHints":{"allow":["GET"]}}],"collection":[{"href":"https:\/\/scb.org.br\/numar\/wp-json\/wp\/v2\/posts"}],"about":[{"href":"https:\/\/scb.org.br\/numar\/wp-json\/wp\/v2\/types\/post"}],"author":[{"embeddable":true,"href":"https:\/\/scb.org.br\/numar\/wp-json\/wp\/v2\/users\/1903"}],"replies":[{"embeddable":true,"href":"https:\/\/scb.org.br\/numar\/wp-json\/wp\/v2\/comments?post=1658"}],"version-history":[{"count":0,"href":"https:\/\/scb.org.br\/numar\/wp-json\/wp\/v2\/posts\/1658\/revisions"}],"wp:featuredmedia":[{"embeddable":true,"href":"https:\/\/scb.org.br\/numar\/wp-json\/wp\/v2\/media\/1667"}],"wp:attachment":[{"href":"https:\/\/scb.org.br\/numar\/wp-json\/wp\/v2\/media?parent=1658"}],"wp:term":[{"taxonomy":"category","embeddable":true,"href":"https:\/\/scb.org.br\/numar\/wp-json\/wp\/v2\/categories?post=1658"},{"taxonomy":"post_tag","embeddable":true,"href":"https:\/\/scb.org.br\/numar\/wp-json\/wp\/v2\/tags?post=1658"}],"curies":[{"name":"wp","href":"https:\/\/api.w.org\/{rel}","templated":true}]}}