{"id":1642,"date":"2017-07-20T09:45:20","date_gmt":"2017-07-20T12:45:20","guid":{"rendered":"http:\/\/numar.scb.org.br\/?p=1642"},"modified":"2017-07-20T09:45:20","modified_gmt":"2017-07-20T12:45:20","slug":"simposio-dialogos-sobre-origem-e-vida","status":"publish","type":"post","link":"https:\/\/scb.org.br\/numar\/sala-de-imprensa\/simposio-dialogos-sobre-origem-e-vida\/","title":{"rendered":"Simp\u00f3sio sobre origem da vida no Instituto Federal do Paran\u00e1"},"content":{"rendered":"<p style=\"text-align: justify\">[vc_row][vc_column][vc_column_text]<span style=\"font-weight: 400\"><img loading=\"lazy\" decoding=\"async\" class=\"alignleft wp-image-1645\" src=\"http:\/\/numar.scb.org.br\/wp-content\/uploads\/2017\/07\/cartaz_paranava\u00ed-727x1024.jpg\" alt=\"\" width=\"300\" height=\"423\" srcset=\"https:\/\/scb.org.br\/numar\/wp-content\/uploads\/sites\/6\/2017\/07\/cartaz_paranava\u00ed-727x1024.jpg 727w, https:\/\/scb.org.br\/numar\/wp-content\/uploads\/sites\/6\/2017\/07\/cartaz_paranava\u00ed-213x300.jpg 213w, https:\/\/scb.org.br\/numar\/wp-content\/uploads\/sites\/6\/2017\/07\/cartaz_paranava\u00ed-768x1082.jpg 768w, https:\/\/scb.org.br\/numar\/wp-content\/uploads\/sites\/6\/2017\/07\/cartaz_paranava\u00ed-1090x1536.jpg 1090w, https:\/\/scb.org.br\/numar\/wp-content\/uploads\/sites\/6\/2017\/07\/cartaz_paranava\u00ed-1454x2048.jpg 1454w, https:\/\/scb.org.br\/numar\/wp-content\/uploads\/sites\/6\/2017\/07\/cartaz_paranava\u00ed-600x845.jpg 600w, https:\/\/scb.org.br\/numar\/wp-content\/uploads\/sites\/6\/2017\/07\/cartaz_paranava\u00ed.jpg 1500w\" sizes=\"auto, (max-width: 300px) 100vw, 300px\" \/>\u00a0Na pr\u00f3xima ter\u00e7a-feira, 25, acontece o\u00a0<i>Simp\u00f3sio Di\u00e1logos Sobre Origem e Vida,\u00a0<\/i>no\u00a0Instituto Federal do Paran\u00e1 (IFPR), C\u00e2mpus Paranava\u00ed. As inscri\u00e7\u00f5es podem ser feitas na recep\u00e7\u00e3o do evento, que \u00e9 aberto <\/span><span style=\"font-weight: 400\">para toda a comunidade da regi\u00e3o, e tem como palestrante oficial o <i>PhD<\/i>. Grady S. McMurtry, de renome internacional. O objetivo do encontro \u00e9 apresentar \u00e0s discuss\u00f5es acad\u00eamicas sobre a origem da vida\u00a0<\/span><span style=\"font-weight: 400\">uma interpreta\u00e7\u00e3o alternativa da natureza sob a estrutura conceitual criacionista.<\/span><\/p>\n<p><strong>TEMAS ABORDADOS<\/strong><br \/>\n- A \u201corigem da vida\u201d - sob a an\u00e1lise da possibilidade a partir de uma evolu\u00e7\u00e3o qu\u00edmica;<br \/>\n<span style=\"font-weight: 400\"> - \u201cNeocatastrofismo\u201d - a mais recente linha de interpreta\u00e7\u00e3o dos fen\u00f4menos geol\u00f3gicos;<br \/>\n- A import\u00e2ncia da implanta\u00e7\u00e3o \u201cMinicentros Criacionistas\u201d <\/span><span style=\"font-weight: 400\">na regi\u00e3o do Paran\u00e1.\u00a0<\/span><\/p>\n<p style=\"text-align: justify\"><span style=\"font-weight: 400\">Segundo o professor do IFPR Dr. Felipe Figueira, organizador do evento, \"quanto mais contato com conte\u00fados diversos, mais estaremos concretizando a miss\u00e3o da institui\u00e7\u00e3o, que \u00e9 a de promover educa\u00e7\u00e3o de qualidade para todos.\" Por isso, \"resolvemos aproveitar a vinda do Dr. Grady ao Brasil, com sua larga experi\u00eancia, que \u00e9 refer\u00eancia no tema criacionismo, para agregarmos valores \u00e0 toda a comunidade acad\u00eamica do IFPR\u201d, anuncia Figueira.<\/span><\/p>\n<p style=\"text-align: justify\"><span style=\"font-weight: 400\"><strong>SOBRE O PALESTRANTE<br \/>\n<\/strong>O Dr. McMurtry \u00e9 o fundador e presidente da <i>Creation Worldview Ministries<\/i> (Minist\u00e9rios da Cosmovis\u00e3o Criacionista). \u00c9 cientista e professor de Ci\u00eancia e Religi\u00e3o, com \u00eanfase em Criacionismo.\u00a0<\/span>Autor do livro\u00a0<em>Cria\u00e7\u00e3o ou Evolu\u00e7\u00e3o: onde est\u00e1 a verdade cient\u00edfica<\/em>\u00a0(A.D.Santos Editora), h\u00e1 38 anos divulga o criacionismo b\u00edblico cient\u00edfico. Antes, por\u00e9m, foi professor de Evolu\u00e7\u00e3o durante dez anos. Seu curr\u00edculo extenso:\u00a0Bacharel em Ci\u00eancias Agron\u00f4micas pela Universidade do Tennessee, Mestre em Ci\u00eancias Ambientais pela Universidade Estadual de Nova Iorque, Doutor em Teologia pela Faculdade Teol\u00f3gica Beacon, de Columbus, e Doutor em Literatura pela Universidade Mid-Continent, no Kentucky.<\/p>\n<p><strong>OFICINAS TEM\u00c1TICAS: Minicentro Criacionista<br \/>\n<\/strong><span style=\"font-weight: 400\">Em torno dessa tem\u00e1tica, a exemplo da recente inaugura\u00e7\u00e3o de uma estrutura em Maring\u00e1, em maio, haver\u00e1 exposi\u00e7\u00f5es com preletores como o MSc. Everton Fernando Alves, sobre \u201cNeocatastrofismo b\u00edblico\u201d, e o\u00a0Diretor do Minicentro Criacionista que fica na sede do Numar-SCB, o bi\u00f3logo Gilson Patrick Fernandes, ex-Gestor T\u00e9cnico do Museu de Geoci\u00eancias da FADBA (2011-2014).<\/span><\/p>\n<p><span style=\"font-weight: 400\"><strong>MAIS SOBRE O EVENTO<\/strong><br \/>\nO Simp\u00f3sio \u00e9 organizado pelo Grupo de Pesquisa Bildung (IFPR\/CNPQ), Instituto Federal do Paran\u00e1 (IFPR), em parceria com o N\u00facleo Maringaense da Sociedade Criacionista Brasileira \u2013 Numar-SCB, com apoio da Sociedade Criacionista Brasileira (SCB). A certifica\u00e7\u00e3o da palestra e oficinas ser\u00e1 emitida pelo IFPR.<\/span><\/p>\n<p>De acordo com o Dr. Agrinaldo Jacinto do Nascimento Junior, professor do IFPR e presidente do Numar-SCB, um evento dessa natureza acontecer em um ambiente p\u00fablico e acad\u00eamico significa que o IFPR est\u00e1 promovendo um di\u00e1logo com a comunidade criacionista, que muitas vezes n\u00e3o tem a oportunidade de expor o seu lado. \"Estamos abrindo portas para que as pessoas tenham contato com o modelo alternativo sobre a origem da vida. Geralmente, quando o assunto \u2018criacionismo\u2019 \u00e9 tratado dentro das institui\u00e7\u00f5es, ele n\u00e3o o \u00e9 feito por criacionistas, e sim por algu\u00e9m interpretando o que eles falam. Esta \u00e9 a oportunidade ideal para que eles pr\u00f3prios falem por si s\u00f3 sobre sua proposta de modelo para a origem da vida e as pessoas que tiverem d\u00favidas, tirem com criacionistas de verdade. Estamos apenas trazendo um tema transversal para dentro da Academia, lugar onde se \u00a0deve ser abordado temas plurais e universais.\u201d<\/p>\n<p style=\"text-align: justify\"><span style=\"font-weight: 400\"><strong>COMO PARTICIPAR<\/strong><br \/>\nAs inscri\u00e7\u00f5es ser\u00e3o feitas na recep\u00e7\u00e3o do evento.<\/span><\/p>\n<p style=\"text-align: justify\"><span style=\"font-weight: 400\">LOCAL: Instituto Federal do Paran\u00e1 - C\u00e2mpus Paranava\u00ed<\/span><\/p>\n<p style=\"text-align: justify\"><span style=\"font-weight: 400\">Rua Jos\u00e9 Felipe Tequinha, 1400 - Jardim das Na\u00e7\u00f5es<\/span><\/p>\n<p style=\"text-align: justify\"><span style=\"font-weight: 400\">DATA: 25 de Julho<\/span>[\/vc_column_text][\/vc_column][\/vc_row]\n","protected":false},"excerpt":{"rendered":"<p>[vc_row][vc_column][vc_column_text]\u00a0Na pr\u00f3xima ter\u00e7a-feira, 25, acontece o\u00a0Simp\u00f3sio Di\u00e1logos Sobre Origem e Vida,\u00a0no\u00a0Instituto Federal do Paran\u00e1 (IFPR), C\u00e2mpus Paranava\u00ed. As inscri\u00e7\u00f5es podem ser feitas na recep\u00e7\u00e3o do evento, que \u00e9 aberto para toda a comunidade da regi\u00e3o, e tem como palestrante oficial o PhD. Grady S. McMurtry, de renome internacional. O objetivo do encontro \u00e9 apresentar \u00e0s [&hellip;]<\/p>\n","protected":false},"author":3105,"featured_media":1643,"comment_status":"closed","ping_status":"open","sticky":false,"template":"","format":"standard","meta":{"_acf_changed":false,"om_disable_all_campaigns":false,"footnotes":""},"categories":[182],"tags":[78,79,193,194,111],"class_list":["post-1642","post","type-post","status-publish","format-standard","has-post-thumbnail","hentry","category-sala-de-imprensa","tag-criacionismo","tag-evolucionismo","tag-grady-mcmurtry","tag-instituto-federal-do-parana","tag-numar-scb"],"acf":[],"yoast_head":"<!-- This site is optimized with the Yoast SEO plugin v27.3 - https:\/\/yoast.com\/product\/yoast-seo-wordpress\/ -->\n<title>Simp\u00f3sio sobre origem da vida no Instituto Federal do Paran\u00e1 - NUMAR-SCB<\/title>\n<meta name=\"robots\" content=\"index, follow, max-snippet:-1, max-image-preview:large, max-video-preview:-1\" \/>\n<link rel=\"canonical\" href=\"https:\/\/scb.org.br\/numar\/sala-de-imprensa\/simposio-dialogos-sobre-origem-e-vida\/\" \/>\n<meta property=\"og:locale\" content=\"pt_BR\" \/>\n<meta property=\"og:type\" content=\"article\" \/>\n<meta property=\"og:title\" content=\"Simp\u00f3sio sobre origem da vida no Instituto Federal do Paran\u00e1 - NUMAR-SCB\" \/>\n<meta property=\"og:description\" content=\"[vc_row][vc_column][vc_column_text]\u00a0Na pr\u00f3xima ter\u00e7a-feira, 25, acontece o\u00a0Simp\u00f3sio Di\u00e1logos Sobre Origem e Vida,\u00a0no\u00a0Instituto Federal do Paran\u00e1 (IFPR), C\u00e2mpus Paranava\u00ed. As inscri\u00e7\u00f5es podem ser feitas na recep\u00e7\u00e3o do evento, que \u00e9 aberto para toda a comunidade da regi\u00e3o, e tem como palestrante oficial o PhD. Grady S. McMurtry, de renome internacional. O objetivo do encontro \u00e9 apresentar \u00e0s [&hellip;]\" \/>\n<meta property=\"og:url\" content=\"https:\/\/scb.org.br\/numar\/sala-de-imprensa\/simposio-dialogos-sobre-origem-e-vida\/\" \/>\n<meta property=\"og:site_name\" content=\"NUMAR-SCB\" \/>\n<meta property=\"article:published_time\" content=\"2017-07-20T12:45:20+00:00\" \/>\n<meta property=\"og:image\" content=\"https:\/\/scb.org.br\/numar\/wp-content\/uploads\/sites\/6\/2017\/07\/WhatsApp-Image-2017-07-20-at-09.36.39-1.jpeg\" \/>\n\t<meta property=\"og:image:width\" content=\"1216\" \/>\n\t<meta property=\"og:image:height\" content=\"511\" \/>\n\t<meta property=\"og:image:type\" content=\"image\/jpeg\" \/>\n<meta name=\"author\" content=\"karenmayer\" \/>\n<meta name=\"twitter:card\" content=\"summary_large_image\" \/>\n<meta name=\"twitter:label1\" content=\"Escrito por\" \/>\n\t<meta name=\"twitter:data1\" content=\"karenmayer\" \/>\n\t<meta name=\"twitter:label2\" content=\"Est. tempo de leitura\" \/>\n\t<meta name=\"twitter:data2\" content=\"3 minutos\" \/>\n<script type=\"application\/ld+json\" class=\"yoast-schema-graph\">{\"@context\":\"https:\\\/\\\/schema.org\",\"@graph\":[{\"@type\":\"Article\",\"@id\":\"https:\\\/\\\/scb.org.br\\\/numar\\\/sala-de-imprensa\\\/simposio-dialogos-sobre-origem-e-vida\\\/#article\",\"isPartOf\":{\"@id\":\"https:\\\/\\\/scb.org.br\\\/numar\\\/sala-de-imprensa\\\/simposio-dialogos-sobre-origem-e-vida\\\/\"},\"author\":{\"name\":\"karenmayer\",\"@id\":\"https:\\\/\\\/scb.org.br\\\/numar\\\/#\\\/schema\\\/person\\\/4819e1f25c017fc891aa1b28b3dbeae2\"},\"headline\":\"Simp\u00f3sio sobre origem da vida no Instituto Federal do Paran\u00e1\",\"datePublished\":\"2017-07-20T12:45:20+00:00\",\"mainEntityOfPage\":{\"@id\":\"https:\\\/\\\/scb.org.br\\\/numar\\\/sala-de-imprensa\\\/simposio-dialogos-sobre-origem-e-vida\\\/\"},\"wordCount\":652,\"publisher\":{\"@id\":\"https:\\\/\\\/scb.org.br\\\/numar\\\/#organization\"},\"image\":{\"@id\":\"https:\\\/\\\/scb.org.br\\\/numar\\\/sala-de-imprensa\\\/simposio-dialogos-sobre-origem-e-vida\\\/#primaryimage\"},\"thumbnailUrl\":\"https:\\\/\\\/scb.org.br\\\/numar\\\/wp-content\\\/uploads\\\/sites\\\/6\\\/2017\\\/07\\\/WhatsApp-Image-2017-07-20-at-09.36.39-1.jpeg\",\"keywords\":[\"criacionismo\",\"evolucionismo\",\"Grady McMurtry\",\"Instituto federal do Paran\u00e1\",\"NUMAR-SCB\"],\"articleSection\":[\"Sala de Imprensa\"],\"inLanguage\":\"pt-BR\"},{\"@type\":\"WebPage\",\"@id\":\"https:\\\/\\\/scb.org.br\\\/numar\\\/sala-de-imprensa\\\/simposio-dialogos-sobre-origem-e-vida\\\/\",\"url\":\"https:\\\/\\\/scb.org.br\\\/numar\\\/sala-de-imprensa\\\/simposio-dialogos-sobre-origem-e-vida\\\/\",\"name\":\"Simp\u00f3sio sobre origem da vida no Instituto Federal do Paran\u00e1 - NUMAR-SCB\",\"isPartOf\":{\"@id\":\"https:\\\/\\\/scb.org.br\\\/numar\\\/#website\"},\"primaryImageOfPage\":{\"@id\":\"https:\\\/\\\/scb.org.br\\\/numar\\\/sala-de-imprensa\\\/simposio-dialogos-sobre-origem-e-vida\\\/#primaryimage\"},\"image\":{\"@id\":\"https:\\\/\\\/scb.org.br\\\/numar\\\/sala-de-imprensa\\\/simposio-dialogos-sobre-origem-e-vida\\\/#primaryimage\"},\"thumbnailUrl\":\"https:\\\/\\\/scb.org.br\\\/numar\\\/wp-content\\\/uploads\\\/sites\\\/6\\\/2017\\\/07\\\/WhatsApp-Image-2017-07-20-at-09.36.39-1.jpeg\",\"datePublished\":\"2017-07-20T12:45:20+00:00\",\"breadcrumb\":{\"@id\":\"https:\\\/\\\/scb.org.br\\\/numar\\\/sala-de-imprensa\\\/simposio-dialogos-sobre-origem-e-vida\\\/#breadcrumb\"},\"inLanguage\":\"pt-BR\",\"potentialAction\":[{\"@type\":\"ReadAction\",\"target\":[\"https:\\\/\\\/scb.org.br\\\/numar\\\/sala-de-imprensa\\\/simposio-dialogos-sobre-origem-e-vida\\\/\"]}]},{\"@type\":\"ImageObject\",\"inLanguage\":\"pt-BR\",\"@id\":\"https:\\\/\\\/scb.org.br\\\/numar\\\/sala-de-imprensa\\\/simposio-dialogos-sobre-origem-e-vida\\\/#primaryimage\",\"url\":\"https:\\\/\\\/scb.org.br\\\/numar\\\/wp-content\\\/uploads\\\/sites\\\/6\\\/2017\\\/07\\\/WhatsApp-Image-2017-07-20-at-09.36.39-1.jpeg\",\"contentUrl\":\"https:\\\/\\\/scb.org.br\\\/numar\\\/wp-content\\\/uploads\\\/sites\\\/6\\\/2017\\\/07\\\/WhatsApp-Image-2017-07-20-at-09.36.39-1.jpeg\",\"width\":1216,\"height\":511},{\"@type\":\"BreadcrumbList\",\"@id\":\"https:\\\/\\\/scb.org.br\\\/numar\\\/sala-de-imprensa\\\/simposio-dialogos-sobre-origem-e-vida\\\/#breadcrumb\",\"itemListElement\":[{\"@type\":\"ListItem\",\"position\":1,\"name\":\"P\u00e1gina Inicial\",\"item\":\"https:\\\/\\\/scb.org.br\\\/numar\\\/\"},{\"@type\":\"ListItem\",\"position\":2,\"name\":\"Simp\u00f3sio sobre origem da vida no Instituto Federal do Paran\u00e1\"}]},{\"@type\":\"WebSite\",\"@id\":\"https:\\\/\\\/scb.org.br\\\/numar\\\/#website\",\"url\":\"https:\\\/\\\/scb.org.br\\\/numar\\\/\",\"name\":\"NUMAR-SCB\",\"description\":\"N\u00facleo Maringaense da Sociedade Criacionista Brasileira\",\"publisher\":{\"@id\":\"https:\\\/\\\/scb.org.br\\\/numar\\\/#organization\"},\"potentialAction\":[{\"@type\":\"SearchAction\",\"target\":{\"@type\":\"EntryPoint\",\"urlTemplate\":\"https:\\\/\\\/scb.org.br\\\/numar\\\/?s={search_term_string}\"},\"query-input\":{\"@type\":\"PropertyValueSpecification\",\"valueRequired\":true,\"valueName\":\"search_term_string\"}}],\"inLanguage\":\"pt-BR\"},{\"@type\":\"Organization\",\"@id\":\"https:\\\/\\\/scb.org.br\\\/numar\\\/#organization\",\"name\":\"NUMAR-SCB - N\u00facleo Maringaense da Sociedade Criacionista Brasileira\",\"url\":\"https:\\\/\\\/scb.org.br\\\/numar\\\/\",\"logo\":{\"@type\":\"ImageObject\",\"inLanguage\":\"pt-BR\",\"@id\":\"https:\\\/\\\/scb.org.br\\\/numar\\\/#\\\/schema\\\/logo\\\/image\\\/\",\"url\":\"https:\\\/\\\/scb.org.br\\\/numar\\\/wp-content\\\/uploads\\\/sites\\\/6\\\/2020\\\/05\\\/logo-1.png\",\"contentUrl\":\"https:\\\/\\\/scb.org.br\\\/numar\\\/wp-content\\\/uploads\\\/sites\\\/6\\\/2020\\\/05\\\/logo-1.png\",\"width\":248,\"height\":263,\"caption\":\"NUMAR-SCB - N\u00facleo Maringaense da Sociedade Criacionista Brasileira\"},\"image\":{\"@id\":\"https:\\\/\\\/scb.org.br\\\/numar\\\/#\\\/schema\\\/logo\\\/image\\\/\"}},{\"@type\":\"Person\",\"@id\":\"https:\\\/\\\/scb.org.br\\\/numar\\\/#\\\/schema\\\/person\\\/4819e1f25c017fc891aa1b28b3dbeae2\",\"name\":\"karenmayer\",\"image\":{\"@type\":\"ImageObject\",\"inLanguage\":\"pt-BR\",\"@id\":\"https:\\\/\\\/secure.gravatar.com\\\/avatar\\\/4f0c6c4133f32a56660592065315a100c8980b5017c78adf16b5ae061af5ced1?s=96&d=mm&r=g63ca5a4bb70c4aabfd6029aeb2260290\",\"url\":\"https:\\\/\\\/secure.gravatar.com\\\/avatar\\\/4f0c6c4133f32a56660592065315a100c8980b5017c78adf16b5ae061af5ced1?s=96&d=mm&r=g\",\"contentUrl\":\"https:\\\/\\\/secure.gravatar.com\\\/avatar\\\/4f0c6c4133f32a56660592065315a100c8980b5017c78adf16b5ae061af5ced1?s=96&d=mm&r=g\",\"caption\":\"karenmayer\"}}]}<\/script>\n<!-- \/ Yoast SEO plugin. -->","yoast_head_json":{"title":"Simp\u00f3sio sobre origem da vida no Instituto Federal do Paran\u00e1 - NUMAR-SCB","robots":{"index":"index","follow":"follow","max-snippet":"max-snippet:-1","max-image-preview":"max-image-preview:large","max-video-preview":"max-video-preview:-1"},"canonical":"https:\/\/scb.org.br\/numar\/sala-de-imprensa\/simposio-dialogos-sobre-origem-e-vida\/","og_locale":"pt_BR","og_type":"article","og_title":"Simp\u00f3sio sobre origem da vida no Instituto Federal do Paran\u00e1 - NUMAR-SCB","og_description":"[vc_row][vc_column][vc_column_text]\u00a0Na pr\u00f3xima ter\u00e7a-feira, 25, acontece o\u00a0Simp\u00f3sio Di\u00e1logos Sobre Origem e Vida,\u00a0no\u00a0Instituto Federal do Paran\u00e1 (IFPR), C\u00e2mpus Paranava\u00ed. As inscri\u00e7\u00f5es podem ser feitas na recep\u00e7\u00e3o do evento, que \u00e9 aberto para toda a comunidade da regi\u00e3o, e tem como palestrante oficial o PhD. Grady S. McMurtry, de renome internacional. O objetivo do encontro \u00e9 apresentar \u00e0s [&hellip;]","og_url":"https:\/\/scb.org.br\/numar\/sala-de-imprensa\/simposio-dialogos-sobre-origem-e-vida\/","og_site_name":"NUMAR-SCB","article_published_time":"2017-07-20T12:45:20+00:00","og_image":[{"width":1216,"height":511,"url":"https:\/\/scb.org.br\/numar\/wp-content\/uploads\/sites\/6\/2017\/07\/WhatsApp-Image-2017-07-20-at-09.36.39-1.jpeg","type":"image\/jpeg"}],"author":"karenmayer","twitter_card":"summary_large_image","twitter_misc":{"Escrito por":"karenmayer","Est. tempo de leitura":"3 minutos"},"schema":{"@context":"https:\/\/schema.org","@graph":[{"@type":"Article","@id":"https:\/\/scb.org.br\/numar\/sala-de-imprensa\/simposio-dialogos-sobre-origem-e-vida\/#article","isPartOf":{"@id":"https:\/\/scb.org.br\/numar\/sala-de-imprensa\/simposio-dialogos-sobre-origem-e-vida\/"},"author":{"name":"karenmayer","@id":"https:\/\/scb.org.br\/numar\/#\/schema\/person\/4819e1f25c017fc891aa1b28b3dbeae2"},"headline":"Simp\u00f3sio sobre origem da vida no Instituto Federal do Paran\u00e1","datePublished":"2017-07-20T12:45:20+00:00","mainEntityOfPage":{"@id":"https:\/\/scb.org.br\/numar\/sala-de-imprensa\/simposio-dialogos-sobre-origem-e-vida\/"},"wordCount":652,"publisher":{"@id":"https:\/\/scb.org.br\/numar\/#organization"},"image":{"@id":"https:\/\/scb.org.br\/numar\/sala-de-imprensa\/simposio-dialogos-sobre-origem-e-vida\/#primaryimage"},"thumbnailUrl":"https:\/\/scb.org.br\/numar\/wp-content\/uploads\/sites\/6\/2017\/07\/WhatsApp-Image-2017-07-20-at-09.36.39-1.jpeg","keywords":["criacionismo","evolucionismo","Grady McMurtry","Instituto federal do Paran\u00e1","NUMAR-SCB"],"articleSection":["Sala de Imprensa"],"inLanguage":"pt-BR"},{"@type":"WebPage","@id":"https:\/\/scb.org.br\/numar\/sala-de-imprensa\/simposio-dialogos-sobre-origem-e-vida\/","url":"https:\/\/scb.org.br\/numar\/sala-de-imprensa\/simposio-dialogos-sobre-origem-e-vida\/","name":"Simp\u00f3sio sobre origem da vida no Instituto Federal do Paran\u00e1 - NUMAR-SCB","isPartOf":{"@id":"https:\/\/scb.org.br\/numar\/#website"},"primaryImageOfPage":{"@id":"https:\/\/scb.org.br\/numar\/sala-de-imprensa\/simposio-dialogos-sobre-origem-e-vida\/#primaryimage"},"image":{"@id":"https:\/\/scb.org.br\/numar\/sala-de-imprensa\/simposio-dialogos-sobre-origem-e-vida\/#primaryimage"},"thumbnailUrl":"https:\/\/scb.org.br\/numar\/wp-content\/uploads\/sites\/6\/2017\/07\/WhatsApp-Image-2017-07-20-at-09.36.39-1.jpeg","datePublished":"2017-07-20T12:45:20+00:00","breadcrumb":{"@id":"https:\/\/scb.org.br\/numar\/sala-de-imprensa\/simposio-dialogos-sobre-origem-e-vida\/#breadcrumb"},"inLanguage":"pt-BR","potentialAction":[{"@type":"ReadAction","target":["https:\/\/scb.org.br\/numar\/sala-de-imprensa\/simposio-dialogos-sobre-origem-e-vida\/"]}]},{"@type":"ImageObject","inLanguage":"pt-BR","@id":"https:\/\/scb.org.br\/numar\/sala-de-imprensa\/simposio-dialogos-sobre-origem-e-vida\/#primaryimage","url":"https:\/\/scb.org.br\/numar\/wp-content\/uploads\/sites\/6\/2017\/07\/WhatsApp-Image-2017-07-20-at-09.36.39-1.jpeg","contentUrl":"https:\/\/scb.org.br\/numar\/wp-content\/uploads\/sites\/6\/2017\/07\/WhatsApp-Image-2017-07-20-at-09.36.39-1.jpeg","width":1216,"height":511},{"@type":"BreadcrumbList","@id":"https:\/\/scb.org.br\/numar\/sala-de-imprensa\/simposio-dialogos-sobre-origem-e-vida\/#breadcrumb","itemListElement":[{"@type":"ListItem","position":1,"name":"P\u00e1gina Inicial","item":"https:\/\/scb.org.br\/numar\/"},{"@type":"ListItem","position":2,"name":"Simp\u00f3sio sobre origem da vida no Instituto Federal do Paran\u00e1"}]},{"@type":"WebSite","@id":"https:\/\/scb.org.br\/numar\/#website","url":"https:\/\/scb.org.br\/numar\/","name":"NUMAR-SCB","description":"N\u00facleo Maringaense da Sociedade Criacionista Brasileira","publisher":{"@id":"https:\/\/scb.org.br\/numar\/#organization"},"potentialAction":[{"@type":"SearchAction","target":{"@type":"EntryPoint","urlTemplate":"https:\/\/scb.org.br\/numar\/?s={search_term_string}"},"query-input":{"@type":"PropertyValueSpecification","valueRequired":true,"valueName":"search_term_string"}}],"inLanguage":"pt-BR"},{"@type":"Organization","@id":"https:\/\/scb.org.br\/numar\/#organization","name":"NUMAR-SCB - N\u00facleo Maringaense da Sociedade Criacionista Brasileira","url":"https:\/\/scb.org.br\/numar\/","logo":{"@type":"ImageObject","inLanguage":"pt-BR","@id":"https:\/\/scb.org.br\/numar\/#\/schema\/logo\/image\/","url":"https:\/\/scb.org.br\/numar\/wp-content\/uploads\/sites\/6\/2020\/05\/logo-1.png","contentUrl":"https:\/\/scb.org.br\/numar\/wp-content\/uploads\/sites\/6\/2020\/05\/logo-1.png","width":248,"height":263,"caption":"NUMAR-SCB - N\u00facleo Maringaense da Sociedade Criacionista Brasileira"},"image":{"@id":"https:\/\/scb.org.br\/numar\/#\/schema\/logo\/image\/"}},{"@type":"Person","@id":"https:\/\/scb.org.br\/numar\/#\/schema\/person\/4819e1f25c017fc891aa1b28b3dbeae2","name":"karenmayer","image":{"@type":"ImageObject","inLanguage":"pt-BR","@id":"https:\/\/secure.gravatar.com\/avatar\/4f0c6c4133f32a56660592065315a100c8980b5017c78adf16b5ae061af5ced1?s=96&d=mm&r=g63ca5a4bb70c4aabfd6029aeb2260290","url":"https:\/\/secure.gravatar.com\/avatar\/4f0c6c4133f32a56660592065315a100c8980b5017c78adf16b5ae061af5ced1?s=96&d=mm&r=g","contentUrl":"https:\/\/secure.gravatar.com\/avatar\/4f0c6c4133f32a56660592065315a100c8980b5017c78adf16b5ae061af5ced1?s=96&d=mm&r=g","caption":"karenmayer"}}]}},"authors":[],"_links":{"self":[{"href":"https:\/\/scb.org.br\/numar\/wp-json\/wp\/v2\/posts\/1642","targetHints":{"allow":["GET"]}}],"collection":[{"href":"https:\/\/scb.org.br\/numar\/wp-json\/wp\/v2\/posts"}],"about":[{"href":"https:\/\/scb.org.br\/numar\/wp-json\/wp\/v2\/types\/post"}],"author":[{"embeddable":true,"href":"https:\/\/scb.org.br\/numar\/wp-json\/wp\/v2\/users\/3105"}],"replies":[{"embeddable":true,"href":"https:\/\/scb.org.br\/numar\/wp-json\/wp\/v2\/comments?post=1642"}],"version-history":[{"count":0,"href":"https:\/\/scb.org.br\/numar\/wp-json\/wp\/v2\/posts\/1642\/revisions"}],"wp:featuredmedia":[{"embeddable":true,"href":"https:\/\/scb.org.br\/numar\/wp-json\/wp\/v2\/media\/1643"}],"wp:attachment":[{"href":"https:\/\/scb.org.br\/numar\/wp-json\/wp\/v2\/media?parent=1642"}],"wp:term":[{"taxonomy":"category","embeddable":true,"href":"https:\/\/scb.org.br\/numar\/wp-json\/wp\/v2\/categories?post=1642"},{"taxonomy":"post_tag","embeddable":true,"href":"https:\/\/scb.org.br\/numar\/wp-json\/wp\/v2\/tags?post=1642"}],"curies":[{"name":"wp","href":"https:\/\/api.w.org\/{rel}","templated":true}]}}