{"id":1447,"date":"2017-05-31T02:01:42","date_gmt":"2017-05-31T05:01:42","guid":{"rendered":"http:\/\/numar.scb.org.br\/?p=1447"},"modified":"2017-05-31T02:01:42","modified_gmt":"2017-05-31T05:01:42","slug":"simposio-dialogos-sobre-origem-da-vida-2017","status":"publish","type":"post","link":"https:\/\/scb.org.br\/numar\/sala-de-imprensa\/simposio-dialogos-sobre-origem-da-vida-2017\/","title":{"rendered":"Simp\u00f3sio Di\u00e1logos Sobre a Origem da Vida - 2017"},"content":{"rendered":"<div id=\"attachment_1449\" style=\"width: 582px\" class=\"wp-caption alignleft\"><img loading=\"lazy\" decoding=\"async\" aria-describedby=\"caption-attachment-1449\" class=\"wp-image-1449\" src=\"http:\/\/numar.scb.org.br\/wp-content\/uploads\/2017\/05\/campus-maringa-300x169.jpg\" alt=\"Unicesumar\" width=\"572\" height=\"322\" \/><p id=\"caption-attachment-1449\" class=\"wp-caption-text\">Unicesumar \u00e9 uma das institui\u00e7\u00f5es que somam mais de 150 mil universit\u00e1rios.<\/p><\/div>\n<p>Um dos principais polos acad\u00eamicos do Pa\u00eds, a cidade de Maring\u00e1, Paran\u00e1, sedia, nesta sexta e s\u00e1bado, 02 e 03 de junho, o Simp\u00f3sio Di\u00e1logos Sobre a Origem da Vida - 2017. O evento apresenta uma oportunidade singular para que estudantes e interessados no tema tenham acesso a informa\u00e7\u00f5es e olhares mais questionadores, fora do lugar comum. O encontro \u00e9 voltado para a constru\u00e7\u00e3o do conhecimento e incentivo do pensamento reflexivo, onde cientistas que questionam a Teoria da Evolu\u00e7\u00e3o debatem a proposta do Criacionismo.<\/p>\n<p>O evento acontece no Centro Universit\u00e1rio Cesumar \u2013 UniCesumar, e conta com a participa\u00e7\u00e3o de cientistas e especialistas no tema, como o Dr. Ruy Vieira, Cofundador da Academia de Ci\u00eancias do Estado de S\u00e3o Paulo; Dr. Rodrigo Meneghetti, doutor em qu\u00edmica que tem diversos artigos cient\u00edficos publicados em prestigiadas revistas internacionais; Dr. Marcio Fraiberg, autor de livros de Biologia e Ci\u00eancias Naturais; Claudio Abeche, Engenheiro Qu\u00edmico e empres\u00e1rio da Eletroflex; Me. Jornalista Michelson Borges, autor do blog Criacionismo e do livro Terra de Gigantes: o que aconteceu com os dinossauros (CPB), e o Bi\u00f3logo Danilo de Oliveira.<\/p>\n<p>O Simp\u00f3sio \u00e9 realizado pelo N\u00facleo Maringaense da Sociedade Brasileira de Criacionismo - Numar-SCB. Na ocasi\u00e3o, a Sociedade Brasileira de Criacionismo - SCB, fundada pelo Dr. Ruy Vieira h\u00e1 45 anos, participa tamb\u00e9m da inaugura\u00e7\u00e3o da nova sede do Numar-SCB, e ainda lan\u00e7a, em primeira m\u00e3o, mais um exemplar de suas relevantes publica\u00e7\u00f5es sobre o tema, que sempre dialoga entre as diversas propostas de explica\u00e7\u00e3o pra a origem da vida, de maneira aberta e em busca de conhecimento.<\/p>\n<div id=\"attachment_1448\" style=\"width: 579px\" class=\"wp-caption alignleft\"><img loading=\"lazy\" decoding=\"async\" aria-describedby=\"caption-attachment-1448\" class=\"criacionismo wp-image-1448\" title=\"criacionismo\" src=\"http:\/\/numar.scb.org.br\/wp-content\/uploads\/2017\/05\/img118-300x200.jpg\" alt=\"Criacionismo \u00e9 alternativa para a questionada teoria da evolu\u00e7\u00e3o\" width=\"569\" height=\"379\" \/><p id=\"caption-attachment-1448\" class=\"wp-caption-text\">Criacionismo \u00e9 debatido por cientistas que questionam a Evolu\u00e7\u00e3o Qu\u00edmica<\/p><\/div>\n<p>\"As investiga\u00e7\u00f5es sobre a origem da vida s\u00e3o um tema crescente e atual no meio acad\u00eamico. Teorias t\u00eam sido significativamente questionadas, como a teoria da evolu\u00e7\u00e3o qu\u00edmica como proposta para a origem da vida e a poss\u00edvel ancestralidade comum entre o homem e primatas\", explica o Everton Alves, escritor e divulgador de ci\u00eancias.<\/p>\n<p>O evento, voltado para estudantes, em uma cidade que \u00e9 um polo educacional com mais de 150 mil universit\u00e1rios de todo o pa\u00eds, \"\u00e9 uma grande oportunidade para que os interessados conhe\u00e7am cientistas e especialistas no assunto, para um di\u00e1logo aberto, um olhar al\u00e9m das sugest\u00f5es apresentadas pela teoria mais aceita atualmente, que \u00e9 a teoria da Evolu\u00e7\u00e3o, em um debate cient\u00edfico aberto ao p\u00fablico\", explica o Dr. Agrinaldo Jacinto, diretor do Numar-SCB.<\/p>\n<p><span class=\"font-762333\"><strong>INSCRI\u00c7\u00d5ES<\/strong>:\u00a0Para participar do Simp\u00f3sio, basta <a href=\"http:\/\/numar.scb.org.br\/simposio\/\">inscrever-se no site da institui\u00e7\u00e3o<\/a>.<\/span><\/p>\n<p>Entre os temas abordados, os convidados falar\u00e3o sobre O que \u00e9 Ci\u00eancia? Astronomia, Paleontologia e a complexidade da vida, Data\u00e7\u00e3o Radiom\u00e9trica e Criacionismo na m\u00eddia.<\/p>\n<p>A data \u00e9 especial para a SCB, pois neste ano, a entidade comemora 45 anos de funda\u00e7\u00e3o. No decorrer do evento, os participantes v\u00e3o ganhar um exemplar de um livro especial que ser\u00e1 lan\u00e7ado em primeira m\u00e3o no Simp\u00f3sio. E no Encerramento, todos ser\u00e3o convidados para se dirigirem \u00e0 nova sede do Numar-SCB, para a cerim\u00f4nia de inaugura\u00e7\u00e3o do novo espa\u00e7o, com a presen\u00e7a de autoridades e personalidades locais.<\/p>\n<p>LOCAL: Audit\u00f3rio Dona Etelvina \u2013 Bloco 7, Centro Universit\u00e1rio Cesumar \u2013 UniCesumar, Av. Guedner, 1610 \u2013 Jd. Aclima\u00e7\u00e3o, Maring\u00e1 \u2013 PR.<br \/>\nDATA: 02 e 03 de junho<br \/>\nMais informa\u00e7\u00f5es e inscri\u00e7\u00f5es somente no site: <a href=\"http:\/\/numar.scb.org.br\/simposio\/\">http:\/\/numar.scb.org.br\/simposio\/ <\/a><\/p>\n<p>Informa\u00e7\u00f5es \u00e0 imprensa:<br \/>\ndebora@beeview.com.br<br \/>\n(11) 99459-3722<\/p>\n","protected":false},"excerpt":{"rendered":"<p>Um dos principais polos acad\u00eamicos do Pa\u00eds, a cidade de Maring\u00e1, Paran\u00e1, sedia, nesta sexta e s\u00e1bado, 02 e 03 de junho, o Simp\u00f3sio Di\u00e1logos Sobre a Origem da Vida - 2017. O evento apresenta uma oportunidade singular para que estudantes e interessados no tema tenham acesso a informa\u00e7\u00f5es e olhares mais questionadores, fora do [&hellip;]<\/p>\n","protected":false},"author":1903,"featured_media":1500,"comment_status":"closed","ping_status":"open","sticky":false,"template":"","format":"standard","meta":{"_acf_changed":false,"om_disable_all_campaigns":false,"footnotes":""},"categories":[191,182],"tags":[78,188,189,190,186,192,187],"class_list":["post-1447","post","type-post","status-publish","format-standard","has-post-thumbnail","hentry","category-press-release","category-sala-de-imprensa","tag-criacionismo","tag-criacionismo-cientifico","tag-criacionismo-religioso","tag-estudos","tag-simposio","tag-simposio-2017","tag-unicesumar"],"acf":[],"yoast_head":"<!-- This site is optimized with the Yoast SEO plugin v27.3 - https:\/\/yoast.com\/product\/yoast-seo-wordpress\/ -->\n<title>Criacionismo \u00e9 debatido entre cientistas que questionam a Evolu\u00e7\u00e3o<\/title>\n<meta name=\"description\" content=\"Simp\u00f3sio Di\u00e1logos Sobre a Origem da Vida re\u00fane cientistas em uma conversa aberta sobre o Criacionismo como alternativa \u00e0 questionada Teoria da Evolu\u00e7\u00e3o.\" \/>\n<meta name=\"robots\" content=\"index, follow, max-snippet:-1, max-image-preview:large, max-video-preview:-1\" \/>\n<link rel=\"canonical\" href=\"https:\/\/scb.org.br\/numar\/sala-de-imprensa\/simposio-dialogos-sobre-origem-da-vida-2017\/\" \/>\n<meta property=\"og:locale\" content=\"pt_BR\" \/>\n<meta property=\"og:type\" content=\"article\" \/>\n<meta property=\"og:title\" content=\"Criacionismo \u00e9 debatido entre cientistas que questionam a Evolu\u00e7\u00e3o\" \/>\n<meta property=\"og:description\" content=\"Simp\u00f3sio Di\u00e1logos Sobre a Origem da Vida re\u00fane cientistas em uma conversa aberta sobre o Criacionismo como alternativa \u00e0 questionada Teoria da Evolu\u00e7\u00e3o.\" \/>\n<meta property=\"og:url\" content=\"https:\/\/scb.org.br\/numar\/sala-de-imprensa\/simposio-dialogos-sobre-origem-da-vida-2017\/\" \/>\n<meta property=\"og:site_name\" content=\"NUMAR-SCB\" \/>\n<meta property=\"article:published_time\" content=\"2017-05-31T05:01:42+00:00\" \/>\n<meta property=\"og:image\" content=\"https:\/\/scb.org.br\/numar\/wp-content\/uploads\/sites\/6\/2017\/05\/k-1.jpg\" \/>\n\t<meta property=\"og:image:width\" content=\"1200\" \/>\n\t<meta property=\"og:image:height\" content=\"510\" \/>\n\t<meta property=\"og:image:type\" content=\"image\/jpeg\" \/>\n<meta name=\"author\" content=\"D\u00e9bora Carvalho\" \/>\n<meta name=\"twitter:card\" content=\"summary_large_image\" \/>\n<meta name=\"twitter:label1\" content=\"Escrito por\" \/>\n\t<meta name=\"twitter:data1\" content=\"D\u00e9bora Carvalho\" \/>\n\t<meta name=\"twitter:label2\" content=\"Est. tempo de leitura\" \/>\n\t<meta name=\"twitter:data2\" content=\"3 minutos\" \/>\n<script type=\"application\/ld+json\" class=\"yoast-schema-graph\">{\"@context\":\"https:\\\/\\\/schema.org\",\"@graph\":[{\"@type\":\"Article\",\"@id\":\"https:\\\/\\\/scb.org.br\\\/numar\\\/sala-de-imprensa\\\/simposio-dialogos-sobre-origem-da-vida-2017\\\/#article\",\"isPartOf\":{\"@id\":\"https:\\\/\\\/scb.org.br\\\/numar\\\/sala-de-imprensa\\\/simposio-dialogos-sobre-origem-da-vida-2017\\\/\"},\"author\":{\"name\":\"D\u00e9bora Carvalho\",\"@id\":\"https:\\\/\\\/scb.org.br\\\/numar\\\/#\\\/schema\\\/person\\\/d72241f2e17230d0b318b5e80cd7e558\"},\"headline\":\"Simp\u00f3sio Di\u00e1logos Sobre a Origem da Vida - 2017\",\"datePublished\":\"2017-05-31T05:01:42+00:00\",\"mainEntityOfPage\":{\"@id\":\"https:\\\/\\\/scb.org.br\\\/numar\\\/sala-de-imprensa\\\/simposio-dialogos-sobre-origem-da-vida-2017\\\/\"},\"wordCount\":629,\"publisher\":{\"@id\":\"https:\\\/\\\/scb.org.br\\\/numar\\\/#organization\"},\"image\":{\"@id\":\"https:\\\/\\\/scb.org.br\\\/numar\\\/sala-de-imprensa\\\/simposio-dialogos-sobre-origem-da-vida-2017\\\/#primaryimage\"},\"thumbnailUrl\":\"https:\\\/\\\/scb.org.br\\\/numar\\\/wp-content\\\/uploads\\\/sites\\\/6\\\/2017\\\/05\\\/k-1.jpg\",\"keywords\":[\"criacionismo\",\"criacionismo cient\u00edfico\",\"criacionismo religioso\",\"estudos\",\"simp\u00f3sio\",\"simp\u00f3sio 2017\",\"Unicesumar\"],\"articleSection\":[\"Press Release\",\"Sala de Imprensa\"],\"inLanguage\":\"pt-BR\"},{\"@type\":\"WebPage\",\"@id\":\"https:\\\/\\\/scb.org.br\\\/numar\\\/sala-de-imprensa\\\/simposio-dialogos-sobre-origem-da-vida-2017\\\/\",\"url\":\"https:\\\/\\\/scb.org.br\\\/numar\\\/sala-de-imprensa\\\/simposio-dialogos-sobre-origem-da-vida-2017\\\/\",\"name\":\"Criacionismo \u00e9 debatido entre cientistas que questionam a Evolu\u00e7\u00e3o\",\"isPartOf\":{\"@id\":\"https:\\\/\\\/scb.org.br\\\/numar\\\/#website\"},\"primaryImageOfPage\":{\"@id\":\"https:\\\/\\\/scb.org.br\\\/numar\\\/sala-de-imprensa\\\/simposio-dialogos-sobre-origem-da-vida-2017\\\/#primaryimage\"},\"image\":{\"@id\":\"https:\\\/\\\/scb.org.br\\\/numar\\\/sala-de-imprensa\\\/simposio-dialogos-sobre-origem-da-vida-2017\\\/#primaryimage\"},\"thumbnailUrl\":\"https:\\\/\\\/scb.org.br\\\/numar\\\/wp-content\\\/uploads\\\/sites\\\/6\\\/2017\\\/05\\\/k-1.jpg\",\"datePublished\":\"2017-05-31T05:01:42+00:00\",\"description\":\"Simp\u00f3sio Di\u00e1logos Sobre a Origem da Vida re\u00fane cientistas em uma conversa aberta sobre o Criacionismo como alternativa \u00e0 questionada Teoria da Evolu\u00e7\u00e3o.\",\"breadcrumb\":{\"@id\":\"https:\\\/\\\/scb.org.br\\\/numar\\\/sala-de-imprensa\\\/simposio-dialogos-sobre-origem-da-vida-2017\\\/#breadcrumb\"},\"inLanguage\":\"pt-BR\",\"potentialAction\":[{\"@type\":\"ReadAction\",\"target\":[\"https:\\\/\\\/scb.org.br\\\/numar\\\/sala-de-imprensa\\\/simposio-dialogos-sobre-origem-da-vida-2017\\\/\"]}]},{\"@type\":\"ImageObject\",\"inLanguage\":\"pt-BR\",\"@id\":\"https:\\\/\\\/scb.org.br\\\/numar\\\/sala-de-imprensa\\\/simposio-dialogos-sobre-origem-da-vida-2017\\\/#primaryimage\",\"url\":\"https:\\\/\\\/scb.org.br\\\/numar\\\/wp-content\\\/uploads\\\/sites\\\/6\\\/2017\\\/05\\\/k-1.jpg\",\"contentUrl\":\"https:\\\/\\\/scb.org.br\\\/numar\\\/wp-content\\\/uploads\\\/sites\\\/6\\\/2017\\\/05\\\/k-1.jpg\",\"width\":1200,\"height\":510},{\"@type\":\"BreadcrumbList\",\"@id\":\"https:\\\/\\\/scb.org.br\\\/numar\\\/sala-de-imprensa\\\/simposio-dialogos-sobre-origem-da-vida-2017\\\/#breadcrumb\",\"itemListElement\":[{\"@type\":\"ListItem\",\"position\":1,\"name\":\"P\u00e1gina Inicial\",\"item\":\"https:\\\/\\\/scb.org.br\\\/numar\\\/\"},{\"@type\":\"ListItem\",\"position\":2,\"name\":\"Simp\u00f3sio Di\u00e1logos Sobre a Origem da Vida - 2017\"}]},{\"@type\":\"WebSite\",\"@id\":\"https:\\\/\\\/scb.org.br\\\/numar\\\/#website\",\"url\":\"https:\\\/\\\/scb.org.br\\\/numar\\\/\",\"name\":\"NUMAR-SCB\",\"description\":\"N\u00facleo Maringaense da Sociedade Criacionista Brasileira\",\"publisher\":{\"@id\":\"https:\\\/\\\/scb.org.br\\\/numar\\\/#organization\"},\"potentialAction\":[{\"@type\":\"SearchAction\",\"target\":{\"@type\":\"EntryPoint\",\"urlTemplate\":\"https:\\\/\\\/scb.org.br\\\/numar\\\/?s={search_term_string}\"},\"query-input\":{\"@type\":\"PropertyValueSpecification\",\"valueRequired\":true,\"valueName\":\"search_term_string\"}}],\"inLanguage\":\"pt-BR\"},{\"@type\":\"Organization\",\"@id\":\"https:\\\/\\\/scb.org.br\\\/numar\\\/#organization\",\"name\":\"NUMAR-SCB - N\u00facleo Maringaense da Sociedade Criacionista Brasileira\",\"url\":\"https:\\\/\\\/scb.org.br\\\/numar\\\/\",\"logo\":{\"@type\":\"ImageObject\",\"inLanguage\":\"pt-BR\",\"@id\":\"https:\\\/\\\/scb.org.br\\\/numar\\\/#\\\/schema\\\/logo\\\/image\\\/\",\"url\":\"https:\\\/\\\/scb.org.br\\\/numar\\\/wp-content\\\/uploads\\\/sites\\\/6\\\/2020\\\/05\\\/logo-1.png\",\"contentUrl\":\"https:\\\/\\\/scb.org.br\\\/numar\\\/wp-content\\\/uploads\\\/sites\\\/6\\\/2020\\\/05\\\/logo-1.png\",\"width\":248,\"height\":263,\"caption\":\"NUMAR-SCB - N\u00facleo Maringaense da Sociedade Criacionista Brasileira\"},\"image\":{\"@id\":\"https:\\\/\\\/scb.org.br\\\/numar\\\/#\\\/schema\\\/logo\\\/image\\\/\"}},{\"@type\":\"Person\",\"@id\":\"https:\\\/\\\/scb.org.br\\\/numar\\\/#\\\/schema\\\/person\\\/d72241f2e17230d0b318b5e80cd7e558\",\"name\":\"D\u00e9bora Carvalho\",\"image\":{\"@type\":\"ImageObject\",\"inLanguage\":\"pt-BR\",\"@id\":\"https:\\\/\\\/secure.gravatar.com\\\/avatar\\\/40f3fede9aef7aa21fa1adfe4fd6b9b85c70a94ee234fc18c3afdcc651f0bd22?s=96&d=mm&r=ga2c80e469d77a2ff6c45e33b68f8d53e\",\"url\":\"https:\\\/\\\/secure.gravatar.com\\\/avatar\\\/40f3fede9aef7aa21fa1adfe4fd6b9b85c70a94ee234fc18c3afdcc651f0bd22?s=96&d=mm&r=g\",\"contentUrl\":\"https:\\\/\\\/secure.gravatar.com\\\/avatar\\\/40f3fede9aef7aa21fa1adfe4fd6b9b85c70a94ee234fc18c3afdcc651f0bd22?s=96&d=mm&r=g\",\"caption\":\"D\u00e9bora Carvalho\"}}]}<\/script>\n<!-- \/ Yoast SEO plugin. -->","yoast_head_json":{"title":"Criacionismo \u00e9 debatido entre cientistas que questionam a Evolu\u00e7\u00e3o","description":"Simp\u00f3sio Di\u00e1logos Sobre a Origem da Vida re\u00fane cientistas em uma conversa aberta sobre o Criacionismo como alternativa \u00e0 questionada Teoria da Evolu\u00e7\u00e3o.","robots":{"index":"index","follow":"follow","max-snippet":"max-snippet:-1","max-image-preview":"max-image-preview:large","max-video-preview":"max-video-preview:-1"},"canonical":"https:\/\/scb.org.br\/numar\/sala-de-imprensa\/simposio-dialogos-sobre-origem-da-vida-2017\/","og_locale":"pt_BR","og_type":"article","og_title":"Criacionismo \u00e9 debatido entre cientistas que questionam a Evolu\u00e7\u00e3o","og_description":"Simp\u00f3sio Di\u00e1logos Sobre a Origem da Vida re\u00fane cientistas em uma conversa aberta sobre o Criacionismo como alternativa \u00e0 questionada Teoria da Evolu\u00e7\u00e3o.","og_url":"https:\/\/scb.org.br\/numar\/sala-de-imprensa\/simposio-dialogos-sobre-origem-da-vida-2017\/","og_site_name":"NUMAR-SCB","article_published_time":"2017-05-31T05:01:42+00:00","og_image":[{"width":1200,"height":510,"url":"https:\/\/scb.org.br\/numar\/wp-content\/uploads\/sites\/6\/2017\/05\/k-1.jpg","type":"image\/jpeg"}],"author":"D\u00e9bora Carvalho","twitter_card":"summary_large_image","twitter_misc":{"Escrito por":"D\u00e9bora Carvalho","Est. tempo de leitura":"3 minutos"},"schema":{"@context":"https:\/\/schema.org","@graph":[{"@type":"Article","@id":"https:\/\/scb.org.br\/numar\/sala-de-imprensa\/simposio-dialogos-sobre-origem-da-vida-2017\/#article","isPartOf":{"@id":"https:\/\/scb.org.br\/numar\/sala-de-imprensa\/simposio-dialogos-sobre-origem-da-vida-2017\/"},"author":{"name":"D\u00e9bora Carvalho","@id":"https:\/\/scb.org.br\/numar\/#\/schema\/person\/d72241f2e17230d0b318b5e80cd7e558"},"headline":"Simp\u00f3sio Di\u00e1logos Sobre a Origem da Vida - 2017","datePublished":"2017-05-31T05:01:42+00:00","mainEntityOfPage":{"@id":"https:\/\/scb.org.br\/numar\/sala-de-imprensa\/simposio-dialogos-sobre-origem-da-vida-2017\/"},"wordCount":629,"publisher":{"@id":"https:\/\/scb.org.br\/numar\/#organization"},"image":{"@id":"https:\/\/scb.org.br\/numar\/sala-de-imprensa\/simposio-dialogos-sobre-origem-da-vida-2017\/#primaryimage"},"thumbnailUrl":"https:\/\/scb.org.br\/numar\/wp-content\/uploads\/sites\/6\/2017\/05\/k-1.jpg","keywords":["criacionismo","criacionismo cient\u00edfico","criacionismo religioso","estudos","simp\u00f3sio","simp\u00f3sio 2017","Unicesumar"],"articleSection":["Press Release","Sala de Imprensa"],"inLanguage":"pt-BR"},{"@type":"WebPage","@id":"https:\/\/scb.org.br\/numar\/sala-de-imprensa\/simposio-dialogos-sobre-origem-da-vida-2017\/","url":"https:\/\/scb.org.br\/numar\/sala-de-imprensa\/simposio-dialogos-sobre-origem-da-vida-2017\/","name":"Criacionismo \u00e9 debatido entre cientistas que questionam a Evolu\u00e7\u00e3o","isPartOf":{"@id":"https:\/\/scb.org.br\/numar\/#website"},"primaryImageOfPage":{"@id":"https:\/\/scb.org.br\/numar\/sala-de-imprensa\/simposio-dialogos-sobre-origem-da-vida-2017\/#primaryimage"},"image":{"@id":"https:\/\/scb.org.br\/numar\/sala-de-imprensa\/simposio-dialogos-sobre-origem-da-vida-2017\/#primaryimage"},"thumbnailUrl":"https:\/\/scb.org.br\/numar\/wp-content\/uploads\/sites\/6\/2017\/05\/k-1.jpg","datePublished":"2017-05-31T05:01:42+00:00","description":"Simp\u00f3sio Di\u00e1logos Sobre a Origem da Vida re\u00fane cientistas em uma conversa aberta sobre o Criacionismo como alternativa \u00e0 questionada Teoria da Evolu\u00e7\u00e3o.","breadcrumb":{"@id":"https:\/\/scb.org.br\/numar\/sala-de-imprensa\/simposio-dialogos-sobre-origem-da-vida-2017\/#breadcrumb"},"inLanguage":"pt-BR","potentialAction":[{"@type":"ReadAction","target":["https:\/\/scb.org.br\/numar\/sala-de-imprensa\/simposio-dialogos-sobre-origem-da-vida-2017\/"]}]},{"@type":"ImageObject","inLanguage":"pt-BR","@id":"https:\/\/scb.org.br\/numar\/sala-de-imprensa\/simposio-dialogos-sobre-origem-da-vida-2017\/#primaryimage","url":"https:\/\/scb.org.br\/numar\/wp-content\/uploads\/sites\/6\/2017\/05\/k-1.jpg","contentUrl":"https:\/\/scb.org.br\/numar\/wp-content\/uploads\/sites\/6\/2017\/05\/k-1.jpg","width":1200,"height":510},{"@type":"BreadcrumbList","@id":"https:\/\/scb.org.br\/numar\/sala-de-imprensa\/simposio-dialogos-sobre-origem-da-vida-2017\/#breadcrumb","itemListElement":[{"@type":"ListItem","position":1,"name":"P\u00e1gina Inicial","item":"https:\/\/scb.org.br\/numar\/"},{"@type":"ListItem","position":2,"name":"Simp\u00f3sio Di\u00e1logos Sobre a Origem da Vida - 2017"}]},{"@type":"WebSite","@id":"https:\/\/scb.org.br\/numar\/#website","url":"https:\/\/scb.org.br\/numar\/","name":"NUMAR-SCB","description":"N\u00facleo Maringaense da Sociedade Criacionista Brasileira","publisher":{"@id":"https:\/\/scb.org.br\/numar\/#organization"},"potentialAction":[{"@type":"SearchAction","target":{"@type":"EntryPoint","urlTemplate":"https:\/\/scb.org.br\/numar\/?s={search_term_string}"},"query-input":{"@type":"PropertyValueSpecification","valueRequired":true,"valueName":"search_term_string"}}],"inLanguage":"pt-BR"},{"@type":"Organization","@id":"https:\/\/scb.org.br\/numar\/#organization","name":"NUMAR-SCB - N\u00facleo Maringaense da Sociedade Criacionista Brasileira","url":"https:\/\/scb.org.br\/numar\/","logo":{"@type":"ImageObject","inLanguage":"pt-BR","@id":"https:\/\/scb.org.br\/numar\/#\/schema\/logo\/image\/","url":"https:\/\/scb.org.br\/numar\/wp-content\/uploads\/sites\/6\/2020\/05\/logo-1.png","contentUrl":"https:\/\/scb.org.br\/numar\/wp-content\/uploads\/sites\/6\/2020\/05\/logo-1.png","width":248,"height":263,"caption":"NUMAR-SCB - N\u00facleo Maringaense da Sociedade Criacionista Brasileira"},"image":{"@id":"https:\/\/scb.org.br\/numar\/#\/schema\/logo\/image\/"}},{"@type":"Person","@id":"https:\/\/scb.org.br\/numar\/#\/schema\/person\/d72241f2e17230d0b318b5e80cd7e558","name":"D\u00e9bora Carvalho","image":{"@type":"ImageObject","inLanguage":"pt-BR","@id":"https:\/\/secure.gravatar.com\/avatar\/40f3fede9aef7aa21fa1adfe4fd6b9b85c70a94ee234fc18c3afdcc651f0bd22?s=96&d=mm&r=ga2c80e469d77a2ff6c45e33b68f8d53e","url":"https:\/\/secure.gravatar.com\/avatar\/40f3fede9aef7aa21fa1adfe4fd6b9b85c70a94ee234fc18c3afdcc651f0bd22?s=96&d=mm&r=g","contentUrl":"https:\/\/secure.gravatar.com\/avatar\/40f3fede9aef7aa21fa1adfe4fd6b9b85c70a94ee234fc18c3afdcc651f0bd22?s=96&d=mm&r=g","caption":"D\u00e9bora Carvalho"}}]}},"authors":[],"_links":{"self":[{"href":"https:\/\/scb.org.br\/numar\/wp-json\/wp\/v2\/posts\/1447","targetHints":{"allow":["GET"]}}],"collection":[{"href":"https:\/\/scb.org.br\/numar\/wp-json\/wp\/v2\/posts"}],"about":[{"href":"https:\/\/scb.org.br\/numar\/wp-json\/wp\/v2\/types\/post"}],"author":[{"embeddable":true,"href":"https:\/\/scb.org.br\/numar\/wp-json\/wp\/v2\/users\/1903"}],"replies":[{"embeddable":true,"href":"https:\/\/scb.org.br\/numar\/wp-json\/wp\/v2\/comments?post=1447"}],"version-history":[{"count":0,"href":"https:\/\/scb.org.br\/numar\/wp-json\/wp\/v2\/posts\/1447\/revisions"}],"wp:featuredmedia":[{"embeddable":true,"href":"https:\/\/scb.org.br\/numar\/wp-json\/wp\/v2\/media\/1500"}],"wp:attachment":[{"href":"https:\/\/scb.org.br\/numar\/wp-json\/wp\/v2\/media?parent=1447"}],"wp:term":[{"taxonomy":"category","embeddable":true,"href":"https:\/\/scb.org.br\/numar\/wp-json\/wp\/v2\/categories?post=1447"},{"taxonomy":"post_tag","embeddable":true,"href":"https:\/\/scb.org.br\/numar\/wp-json\/wp\/v2\/tags?post=1447"}],"curies":[{"name":"wp","href":"https:\/\/api.w.org\/{rel}","templated":true}]}}