{"id":1177,"date":"2017-05-15T10:33:59","date_gmt":"2017-05-15T13:33:59","guid":{"rendered":"http:\/\/numar.scb.org.br\/?p=1177"},"modified":"2017-05-15T10:33:59","modified_gmt":"2017-05-15T13:33:59","slug":"maringa-pr-sediara-simposio-criacionista-com-participacao-de-cientistas","status":"publish","type":"post","link":"https:\/\/scb.org.br\/numar\/sala-de-imprensa\/maringa-pr-sediara-simposio-criacionista-com-participacao-de-cientistas\/","title":{"rendered":"Maring\u00e1-PR sediar\u00e1 simp\u00f3sio criacionista com participa\u00e7\u00e3o de cientistas"},"content":{"rendered":"<p style=\"text-align: justify\">Est\u00e3o abertas as inscri\u00e7\u00f5es para o Simp\u00f3sio \u201cDi\u00e1logos Sobre a Origem da Vida\u201d, que ser\u00e1 realizado em Maring\u00e1-PR, no Centro Universit\u00e1rio Cesumar \u2013 UniCesumar entre os dias 02 e\u00a003 de junho de 2017. O debate cient\u00edfico, que \u00e9 aberto ao p\u00fablico, \u00e9 resultado de uma parceria entre a Sociedade Criacionista Brasileira (SCB) e o N\u00facleo Maringaense da SCB (Numar-SCB).<\/p>\n<p style=\"text-align: justify\">O evento \u00e9 uma oportunidade imperd\u00edvel para a comunidade acad\u00eamica e interessados no tema, de troca de informa\u00e7\u00f5es e intera\u00e7\u00e3o com cientistas engajados, em um ambiente voltado para a constru\u00e7\u00e3o do conhecimento e incentivo do pensamento reflexivo. As inscri\u00e7\u00f5es para o Simp\u00f3sio s\u00e3o feitas apenas pela internet, no site <a href=\"http:\/\/numar.scb.org.br\/simposio\/\">http:\/\/numar.scb.org.br\/simposio\/<\/a><\/p>\n<p><strong>SAIBA QUEM S\u00c3O OS PALESTRANTES ABAIXO<\/strong><\/p>\n<p>As palestras exploram eixos tem\u00e1ticos como:<\/p>\n<ul>\n<li>O que \u00e9 ci\u00eancia?<\/li>\n<li>Astronomia<\/li>\n<li>Paleontologia e a complexidade da vida<\/li>\n<li>Data\u00e7\u00e3o Radiom\u00e9trica<\/li>\n<li>Criacionismo na M\u00eddia<\/li>\n<\/ul>\n<p style=\"text-align: justify\">No decorrer do evento ser\u00e1 lan\u00e7ada publica\u00e7\u00e3o da SCB em parceria com o NUMAR-SCB sobre assuntos afins.<\/p>\n<p><strong>O QUE: <\/strong>Simp\u00f3sio Criacionista<\/p>\n<p style=\"text-align: justify\"><strong>LOCAL: <\/strong>Audit\u00f3rio Dona Etelvina \u2013 Bloco 7, Centro Universit\u00e1rio Cesumar \u2013 UniCesumar, Av. Guedner, 1610 \u2013\u00a0Jd. Aclima\u00e7\u00e3o, Maring\u00e1 \u2013 PR.<\/p>\n<p><strong>DATA:<\/strong> 02 e\u00a003 de junho<\/p>\n<p>&nbsp;<\/p>\n<p><strong>CONHE\u00c7A OS PALESTRANTES:<\/strong><\/p>\n<p>&nbsp;<\/p>\n<div id=\"attachment_1179\" style=\"width: 160px\" class=\"wp-caption alignleft\"><img loading=\"lazy\" decoding=\"async\" aria-describedby=\"caption-attachment-1179\" class=\"wp-image-1179\" src=\"http:\/\/numar.scb.org.br\/wp-content\/uploads\/2017\/05\/foto-Dr.-Ruy.png\" alt=\"\" width=\"150\" height=\"173\" \/><p id=\"caption-attachment-1179\" class=\"wp-caption-text\"><em>Dr. Ruy Vieira<\/em><\/p><\/div>\n<p><strong>Ruy Carlos de Camargo Vieira<\/strong><\/p>\n<p style=\"text-align: justify\">Engenheiro mec\u00e2nico-eletricista pela Escola Polit\u00e9cnica da Universidade de S\u00e3o Paulo (USP) e professor Em\u00e9rito da Escola de Engenharia de S\u00e3o Carlos, da USP. Ex-professor do Instituto Tecnol\u00f3gico de Aeron\u00e1utica (ITA) (1954-1956). Foi Diretor-Cient\u00edfico da FAPESP (1979-1985), e um dos fundadores da Academia de Ci\u00eancias do Estado de S\u00e3o Paulo. Ex-representante do MEC no Conselho da Ag\u00eancia Espacial Brasileira (2003). Cofundador da Academia de Ci\u00eancias do Estado de S\u00e3o Paulo. Presidente-fundador da Sociedade Criacionista Brasileira (SCB).<\/p>\n<p>&nbsp;<\/p>\n<p>&nbsp;<\/p>\n<div id=\"attachment_1181\" style=\"width: 160px\" class=\"wp-caption alignleft\"><img loading=\"lazy\" decoding=\"async\" aria-describedby=\"caption-attachment-1181\" class=\"wp-image-1181\" src=\"http:\/\/numar.scb.org.br\/wp-content\/uploads\/2017\/05\/foto-michelson.png\" alt=\"\" width=\"150\" height=\"181\" \/><p id=\"caption-attachment-1181\" class=\"wp-caption-text\"><em>Me. Michelson Borges<\/em><\/p><\/div>\n<p><strong>\u00a0Michelson Borges<\/strong><\/p>\n<p>&nbsp;<\/p>\n<p style=\"text-align: justify\">Escritor, jornalista e mestre em Teologia pelo UNASP; editor da Casa Publicadora Brasileira (CPB). Idealizador do site\u00a0<a href=\"http:\/\/www.criacionismo.com.br\/\">www.criacionismo.com.br<\/a>, Autor de diversos livros criacionistas pela CPB e editor associado da <em>Origem em Revista.<\/em><\/p>\n<p>&nbsp;<\/p>\n<p>&nbsp;<\/p>\n<div id=\"attachment_1182\" style=\"width: 160px\" class=\"wp-caption alignleft\"><img loading=\"lazy\" decoding=\"async\" aria-describedby=\"caption-attachment-1182\" class=\"wp-image-1182\" src=\"http:\/\/numar.scb.org.br\/wp-content\/uploads\/2017\/05\/foto-rodrigo.png\" alt=\"\" width=\"150\" height=\"205\" \/><p id=\"caption-attachment-1182\" class=\"wp-caption-text\"><em>Dr. Rodrigo Meneghetti<\/em><\/p><\/div>\n<p><strong>Rodrigo Meneguetti Pontes<\/strong><\/p>\n<p><strong>\u00a0<\/strong><\/p>\n<p style=\"text-align: justify\">Bacharel e doutor em Qu\u00edmica pela Universidade Estadual de Maring\u00e1 (UEM); professor adjunto do Departamento de Qu\u00edmica da UEM; membro fundador do Numar-SCB. Editor associado da <em>Origem em Revista<\/em>. Autor de diversos artigos cient\u00edficos publicados em prestigiadas revistas internacionais, como Journal of Organic Chemistry, Applied Catalysis A, Journal of Physical Chemistry A, Chemical Physics Letters, entre outras.<\/p>\n<p>&nbsp;<\/p>\n<p>&nbsp;<\/p>\n<div id=\"attachment_1180\" style=\"width: 160px\" class=\"wp-caption alignleft\"><img loading=\"lazy\" decoding=\"async\" aria-describedby=\"caption-attachment-1180\" class=\"wp-image-1180\" src=\"http:\/\/numar.scb.org.br\/wp-content\/uploads\/2017\/05\/foto-fraiberg.png\" alt=\"\" width=\"150\" height=\"172\" \/><p id=\"caption-attachment-1180\" class=\"wp-caption-text\"><em>Dr. Marcio Fraiberg<\/em><\/p><\/div>\n<p><strong>M\u00e1rcio Fraiberg Machado<\/strong><\/p>\n<p>&nbsp;<\/p>\n<p style=\"text-align: justify\">Bi\u00f3logo. mestre em Ci\u00eancias e Matem\u00e1tica e doutor em Educa\u00e7\u00e3o. Autor de diversos livros did\u00e1ticos e para-did\u00e1ticos em Biologia e Ci\u00eancias naturais pela Casa Publicadora Brasileira (CPB) e editor associado da <em>Origem em Revista<\/em>. Professor universit\u00e1rio de biologia aplicada \u00e0 enfermagem na Faculdade Adventista Paranaense (FAP\/IAP) e membro do Numar-SCB.<\/p>\n<p>&nbsp;<\/p>\n<div id=\"attachment_1190\" style=\"width: 160px\" class=\"wp-caption alignleft\"><img loading=\"lazy\" decoding=\"async\" aria-describedby=\"caption-attachment-1190\" class=\"wp-image-1190\" src=\"http:\/\/numar.scb.org.br\/wp-content\/uploads\/2017\/05\/foto-claudio-835x1024.jpeg\" alt=\"\" width=\"150\" height=\"184\" \/><p id=\"caption-attachment-1190\" class=\"wp-caption-text\"><em>Eng\u00ba Claudio Abeche<\/em><\/p><\/div>\n<p><strong>Cl\u00e1udio Luiz Abeche<\/strong><\/p>\n<p>&nbsp;<\/p>\n<p style=\"text-align: justify\">Engenheiro Qu\u00edmico pela Universidade Estadual de Maring\u00e1 (UEM) e p\u00f3s-graduado em MBA em Administra\u00e7\u00e3o pela mesma Universidade. Empres\u00e1rio no ramo da ind\u00fastria pl\u00e1stica (Eletroflex), \u00e1rea em que atua h\u00e1 30 anos. Tem pesquisado assuntos sobre Astronomia h\u00e1 cinco anos.<\/p>\n<p>&nbsp;<\/p>\n<p><strong>\u00a0<\/strong><\/p>\n<div id=\"attachment_1178\" style=\"width: 160px\" class=\"wp-caption alignleft\"><img loading=\"lazy\" decoding=\"async\" aria-describedby=\"caption-attachment-1178\" class=\"wp-image-1178\" src=\"http:\/\/numar.scb.org.br\/wp-content\/uploads\/2017\/05\/foto-danilo.png\" alt=\"\" width=\"150\" height=\"208\" \/><p id=\"caption-attachment-1178\" class=\"wp-caption-text\"><em>Bel. Danilo de Oliveira<\/em><\/p><\/div>\n<p><strong>Danilo Camargo de Oliveira<\/strong><\/p>\n<p><strong>\u00a0<\/strong><\/p>\n<p style=\"text-align: justify\">Bacharel em Ci\u00eancias Biol\u00f3gicas pelo Centro Universit\u00e1rio Cesumar (UNICESUMAR). Diretor de Assuntos Internacionais do N\u00facleo Maringaense da SCB (Numar-SCB)<\/p>\n<p>&nbsp;<\/p>\n<p>&nbsp;<\/p>\n<p>&nbsp;<\/p>\n<p style=\"text-align: justify\">O evento conta com o apoio do Departamento de Educa\u00e7\u00e3o da Uni\u00e3o Sul-Brasileira (USB) da IASD, do Instituto Adventista Paranaense (IAP), do UniCesumar, da Eletroflex, da Gr\u00e1fica Maranata e est\u00e1 sendo patrocinado pela Associa\u00e7\u00e3o Norte Paranaense (ANP) da IASD.<\/p>\n","protected":false},"excerpt":{"rendered":"<p>Est\u00e3o abertas as inscri\u00e7\u00f5es para o Simp\u00f3sio \u201cDi\u00e1logos Sobre a Origem da Vida\u201d, que ser\u00e1 realizado em Maring\u00e1-PR, no Centro Universit\u00e1rio Cesumar \u2013 UniCesumar entre os dias 02 e\u00a003 de junho de 2017. O debate cient\u00edfico, que \u00e9 aberto ao p\u00fablico, \u00e9 resultado de uma parceria entre a Sociedade Criacionista Brasileira (SCB) e o N\u00facleo [&hellip;]<\/p>\n","protected":false},"author":2171,"featured_media":1197,"comment_status":"closed","ping_status":"open","sticky":false,"template":"","format":"standard","meta":{"_acf_changed":false,"om_disable_all_campaigns":false,"footnotes":""},"categories":[182],"tags":[160,84,78,183,111,184,185,186,187],"class_list":["post-1177","post","type-post","status-publish","format-standard","has-post-thumbnail","hentry","category-sala-de-imprensa","tag-ciencia","tag-cientista","tag-criacionismo","tag-dialogo-sobre-as-origens","tag-numar-scb","tag-origens","tag-pesquisador","tag-simposio","tag-unicesumar"],"acf":[],"yoast_head":"<!-- This site is optimized with the Yoast SEO plugin v27.3 - https:\/\/yoast.com\/product\/yoast-seo-wordpress\/ -->\n<title>Maring\u00e1-PR sediar\u00e1 simp\u00f3sio criacionista com participa\u00e7\u00e3o de cientistas - NUMAR-SCB<\/title>\n<meta name=\"robots\" content=\"index, follow, max-snippet:-1, max-image-preview:large, max-video-preview:-1\" \/>\n<link rel=\"canonical\" href=\"https:\/\/scb.org.br\/numar\/sala-de-imprensa\/maringa-pr-sediara-simposio-criacionista-com-participacao-de-cientistas\/\" \/>\n<meta property=\"og:locale\" content=\"pt_BR\" \/>\n<meta property=\"og:type\" content=\"article\" \/>\n<meta property=\"og:title\" content=\"Maring\u00e1-PR sediar\u00e1 simp\u00f3sio criacionista com participa\u00e7\u00e3o de cientistas - NUMAR-SCB\" \/>\n<meta property=\"og:description\" content=\"Est\u00e3o abertas as inscri\u00e7\u00f5es para o Simp\u00f3sio \u201cDi\u00e1logos Sobre a Origem da Vida\u201d, que ser\u00e1 realizado em Maring\u00e1-PR, no Centro Universit\u00e1rio Cesumar \u2013 UniCesumar entre os dias 02 e\u00a003 de junho de 2017. O debate cient\u00edfico, que \u00e9 aberto ao p\u00fablico, \u00e9 resultado de uma parceria entre a Sociedade Criacionista Brasileira (SCB) e o N\u00facleo [&hellip;]\" \/>\n<meta property=\"og:url\" content=\"https:\/\/scb.org.br\/numar\/sala-de-imprensa\/maringa-pr-sediara-simposio-criacionista-com-participacao-de-cientistas\/\" \/>\n<meta property=\"og:site_name\" content=\"NUMAR-SCB\" \/>\n<meta property=\"article:published_time\" content=\"2017-05-15T13:33:59+00:00\" \/>\n<meta property=\"og:image\" content=\"https:\/\/scb.org.br\/numar\/wp-content\/uploads\/sites\/6\/2017\/05\/CARTAZ-NUMAR-1.jpg\" \/>\n\t<meta property=\"og:image:width\" content=\"2492\" \/>\n\t<meta property=\"og:image:height\" content=\"1191\" \/>\n\t<meta property=\"og:image:type\" content=\"image\/jpeg\" \/>\n<meta name=\"author\" content=\"EVERTON ALVES\" \/>\n<meta name=\"twitter:card\" content=\"summary_large_image\" \/>\n<meta name=\"twitter:label1\" content=\"Escrito por\" \/>\n\t<meta name=\"twitter:data1\" content=\"EVERTON ALVES\" \/>\n\t<meta name=\"twitter:label2\" content=\"Est. tempo de leitura\" \/>\n\t<meta name=\"twitter:data2\" content=\"3 minutos\" \/>\n<script type=\"application\/ld+json\" class=\"yoast-schema-graph\">{\"@context\":\"https:\\\/\\\/schema.org\",\"@graph\":[{\"@type\":\"Article\",\"@id\":\"https:\\\/\\\/scb.org.br\\\/numar\\\/sala-de-imprensa\\\/maringa-pr-sediara-simposio-criacionista-com-participacao-de-cientistas\\\/#article\",\"isPartOf\":{\"@id\":\"https:\\\/\\\/scb.org.br\\\/numar\\\/sala-de-imprensa\\\/maringa-pr-sediara-simposio-criacionista-com-participacao-de-cientistas\\\/\"},\"author\":{\"name\":\"EVERTON ALVES\",\"@id\":\"https:\\\/\\\/scb.org.br\\\/numar\\\/#\\\/schema\\\/person\\\/f14bf877dc92f48d139ecf49bf826b34\"},\"headline\":\"Maring\u00e1-PR sediar\u00e1 simp\u00f3sio criacionista com participa\u00e7\u00e3o de cientistas\",\"datePublished\":\"2017-05-15T13:33:59+00:00\",\"mainEntityOfPage\":{\"@id\":\"https:\\\/\\\/scb.org.br\\\/numar\\\/sala-de-imprensa\\\/maringa-pr-sediara-simposio-criacionista-com-participacao-de-cientistas\\\/\"},\"wordCount\":668,\"publisher\":{\"@id\":\"https:\\\/\\\/scb.org.br\\\/numar\\\/#organization\"},\"image\":{\"@id\":\"https:\\\/\\\/scb.org.br\\\/numar\\\/sala-de-imprensa\\\/maringa-pr-sediara-simposio-criacionista-com-participacao-de-cientistas\\\/#primaryimage\"},\"thumbnailUrl\":\"https:\\\/\\\/scb.org.br\\\/numar\\\/wp-content\\\/uploads\\\/sites\\\/6\\\/2017\\\/05\\\/CARTAZ-NUMAR-1.jpg\",\"keywords\":[\"ci\u00eancia\",\"cientista\",\"criacionismo\",\"Di\u00e1logo sobre as origens\",\"NUMAR-SCB\",\"origens\",\"pesquisador\",\"simp\u00f3sio\",\"Unicesumar\"],\"articleSection\":[\"Sala de Imprensa\"],\"inLanguage\":\"pt-BR\"},{\"@type\":\"WebPage\",\"@id\":\"https:\\\/\\\/scb.org.br\\\/numar\\\/sala-de-imprensa\\\/maringa-pr-sediara-simposio-criacionista-com-participacao-de-cientistas\\\/\",\"url\":\"https:\\\/\\\/scb.org.br\\\/numar\\\/sala-de-imprensa\\\/maringa-pr-sediara-simposio-criacionista-com-participacao-de-cientistas\\\/\",\"name\":\"Maring\u00e1-PR sediar\u00e1 simp\u00f3sio criacionista com participa\u00e7\u00e3o de cientistas - NUMAR-SCB\",\"isPartOf\":{\"@id\":\"https:\\\/\\\/scb.org.br\\\/numar\\\/#website\"},\"primaryImageOfPage\":{\"@id\":\"https:\\\/\\\/scb.org.br\\\/numar\\\/sala-de-imprensa\\\/maringa-pr-sediara-simposio-criacionista-com-participacao-de-cientistas\\\/#primaryimage\"},\"image\":{\"@id\":\"https:\\\/\\\/scb.org.br\\\/numar\\\/sala-de-imprensa\\\/maringa-pr-sediara-simposio-criacionista-com-participacao-de-cientistas\\\/#primaryimage\"},\"thumbnailUrl\":\"https:\\\/\\\/scb.org.br\\\/numar\\\/wp-content\\\/uploads\\\/sites\\\/6\\\/2017\\\/05\\\/CARTAZ-NUMAR-1.jpg\",\"datePublished\":\"2017-05-15T13:33:59+00:00\",\"breadcrumb\":{\"@id\":\"https:\\\/\\\/scb.org.br\\\/numar\\\/sala-de-imprensa\\\/maringa-pr-sediara-simposio-criacionista-com-participacao-de-cientistas\\\/#breadcrumb\"},\"inLanguage\":\"pt-BR\",\"potentialAction\":[{\"@type\":\"ReadAction\",\"target\":[\"https:\\\/\\\/scb.org.br\\\/numar\\\/sala-de-imprensa\\\/maringa-pr-sediara-simposio-criacionista-com-participacao-de-cientistas\\\/\"]}]},{\"@type\":\"ImageObject\",\"inLanguage\":\"pt-BR\",\"@id\":\"https:\\\/\\\/scb.org.br\\\/numar\\\/sala-de-imprensa\\\/maringa-pr-sediara-simposio-criacionista-com-participacao-de-cientistas\\\/#primaryimage\",\"url\":\"https:\\\/\\\/scb.org.br\\\/numar\\\/wp-content\\\/uploads\\\/sites\\\/6\\\/2017\\\/05\\\/CARTAZ-NUMAR-1.jpg\",\"contentUrl\":\"https:\\\/\\\/scb.org.br\\\/numar\\\/wp-content\\\/uploads\\\/sites\\\/6\\\/2017\\\/05\\\/CARTAZ-NUMAR-1.jpg\",\"width\":2492,\"height\":1191},{\"@type\":\"BreadcrumbList\",\"@id\":\"https:\\\/\\\/scb.org.br\\\/numar\\\/sala-de-imprensa\\\/maringa-pr-sediara-simposio-criacionista-com-participacao-de-cientistas\\\/#breadcrumb\",\"itemListElement\":[{\"@type\":\"ListItem\",\"position\":1,\"name\":\"P\u00e1gina Inicial\",\"item\":\"https:\\\/\\\/scb.org.br\\\/numar\\\/\"},{\"@type\":\"ListItem\",\"position\":2,\"name\":\"Maring\u00e1-PR sediar\u00e1 simp\u00f3sio criacionista com participa\u00e7\u00e3o de cientistas\"}]},{\"@type\":\"WebSite\",\"@id\":\"https:\\\/\\\/scb.org.br\\\/numar\\\/#website\",\"url\":\"https:\\\/\\\/scb.org.br\\\/numar\\\/\",\"name\":\"NUMAR-SCB\",\"description\":\"N\u00facleo Maringaense da Sociedade Criacionista Brasileira\",\"publisher\":{\"@id\":\"https:\\\/\\\/scb.org.br\\\/numar\\\/#organization\"},\"potentialAction\":[{\"@type\":\"SearchAction\",\"target\":{\"@type\":\"EntryPoint\",\"urlTemplate\":\"https:\\\/\\\/scb.org.br\\\/numar\\\/?s={search_term_string}\"},\"query-input\":{\"@type\":\"PropertyValueSpecification\",\"valueRequired\":true,\"valueName\":\"search_term_string\"}}],\"inLanguage\":\"pt-BR\"},{\"@type\":\"Organization\",\"@id\":\"https:\\\/\\\/scb.org.br\\\/numar\\\/#organization\",\"name\":\"NUMAR-SCB - N\u00facleo Maringaense da Sociedade Criacionista Brasileira\",\"url\":\"https:\\\/\\\/scb.org.br\\\/numar\\\/\",\"logo\":{\"@type\":\"ImageObject\",\"inLanguage\":\"pt-BR\",\"@id\":\"https:\\\/\\\/scb.org.br\\\/numar\\\/#\\\/schema\\\/logo\\\/image\\\/\",\"url\":\"https:\\\/\\\/scb.org.br\\\/numar\\\/wp-content\\\/uploads\\\/sites\\\/6\\\/2020\\\/05\\\/logo-1.png\",\"contentUrl\":\"https:\\\/\\\/scb.org.br\\\/numar\\\/wp-content\\\/uploads\\\/sites\\\/6\\\/2020\\\/05\\\/logo-1.png\",\"width\":248,\"height\":263,\"caption\":\"NUMAR-SCB - N\u00facleo Maringaense da Sociedade Criacionista Brasileira\"},\"image\":{\"@id\":\"https:\\\/\\\/scb.org.br\\\/numar\\\/#\\\/schema\\\/logo\\\/image\\\/\"}},{\"@type\":\"Person\",\"@id\":\"https:\\\/\\\/scb.org.br\\\/numar\\\/#\\\/schema\\\/person\\\/f14bf877dc92f48d139ecf49bf826b34\",\"name\":\"EVERTON ALVES\",\"image\":{\"@type\":\"ImageObject\",\"inLanguage\":\"pt-BR\",\"@id\":\"https:\\\/\\\/secure.gravatar.com\\\/avatar\\\/c9a9bf529febf0ba61bcb34fd09f5f8c76479b3d94ea42f1d132d3146c565d6d?s=96&d=mm&r=gd8285a1978137b6d04f6fd7d798b5297\",\"url\":\"https:\\\/\\\/secure.gravatar.com\\\/avatar\\\/c9a9bf529febf0ba61bcb34fd09f5f8c76479b3d94ea42f1d132d3146c565d6d?s=96&d=mm&r=g\",\"contentUrl\":\"https:\\\/\\\/secure.gravatar.com\\\/avatar\\\/c9a9bf529febf0ba61bcb34fd09f5f8c76479b3d94ea42f1d132d3146c565d6d?s=96&d=mm&r=g\",\"caption\":\"EVERTON ALVES\"}}]}<\/script>\n<!-- \/ Yoast SEO plugin. -->","yoast_head_json":{"title":"Maring\u00e1-PR sediar\u00e1 simp\u00f3sio criacionista com participa\u00e7\u00e3o de cientistas - NUMAR-SCB","robots":{"index":"index","follow":"follow","max-snippet":"max-snippet:-1","max-image-preview":"max-image-preview:large","max-video-preview":"max-video-preview:-1"},"canonical":"https:\/\/scb.org.br\/numar\/sala-de-imprensa\/maringa-pr-sediara-simposio-criacionista-com-participacao-de-cientistas\/","og_locale":"pt_BR","og_type":"article","og_title":"Maring\u00e1-PR sediar\u00e1 simp\u00f3sio criacionista com participa\u00e7\u00e3o de cientistas - NUMAR-SCB","og_description":"Est\u00e3o abertas as inscri\u00e7\u00f5es para o Simp\u00f3sio \u201cDi\u00e1logos Sobre a Origem da Vida\u201d, que ser\u00e1 realizado em Maring\u00e1-PR, no Centro Universit\u00e1rio Cesumar \u2013 UniCesumar entre os dias 02 e\u00a003 de junho de 2017. O debate cient\u00edfico, que \u00e9 aberto ao p\u00fablico, \u00e9 resultado de uma parceria entre a Sociedade Criacionista Brasileira (SCB) e o N\u00facleo [&hellip;]","og_url":"https:\/\/scb.org.br\/numar\/sala-de-imprensa\/maringa-pr-sediara-simposio-criacionista-com-participacao-de-cientistas\/","og_site_name":"NUMAR-SCB","article_published_time":"2017-05-15T13:33:59+00:00","og_image":[{"width":2492,"height":1191,"url":"https:\/\/scb.org.br\/numar\/wp-content\/uploads\/sites\/6\/2017\/05\/CARTAZ-NUMAR-1.jpg","type":"image\/jpeg"}],"author":"EVERTON ALVES","twitter_card":"summary_large_image","twitter_misc":{"Escrito por":"EVERTON ALVES","Est. tempo de leitura":"3 minutos"},"schema":{"@context":"https:\/\/schema.org","@graph":[{"@type":"Article","@id":"https:\/\/scb.org.br\/numar\/sala-de-imprensa\/maringa-pr-sediara-simposio-criacionista-com-participacao-de-cientistas\/#article","isPartOf":{"@id":"https:\/\/scb.org.br\/numar\/sala-de-imprensa\/maringa-pr-sediara-simposio-criacionista-com-participacao-de-cientistas\/"},"author":{"name":"EVERTON ALVES","@id":"https:\/\/scb.org.br\/numar\/#\/schema\/person\/f14bf877dc92f48d139ecf49bf826b34"},"headline":"Maring\u00e1-PR sediar\u00e1 simp\u00f3sio criacionista com participa\u00e7\u00e3o de cientistas","datePublished":"2017-05-15T13:33:59+00:00","mainEntityOfPage":{"@id":"https:\/\/scb.org.br\/numar\/sala-de-imprensa\/maringa-pr-sediara-simposio-criacionista-com-participacao-de-cientistas\/"},"wordCount":668,"publisher":{"@id":"https:\/\/scb.org.br\/numar\/#organization"},"image":{"@id":"https:\/\/scb.org.br\/numar\/sala-de-imprensa\/maringa-pr-sediara-simposio-criacionista-com-participacao-de-cientistas\/#primaryimage"},"thumbnailUrl":"https:\/\/scb.org.br\/numar\/wp-content\/uploads\/sites\/6\/2017\/05\/CARTAZ-NUMAR-1.jpg","keywords":["ci\u00eancia","cientista","criacionismo","Di\u00e1logo sobre as origens","NUMAR-SCB","origens","pesquisador","simp\u00f3sio","Unicesumar"],"articleSection":["Sala de Imprensa"],"inLanguage":"pt-BR"},{"@type":"WebPage","@id":"https:\/\/scb.org.br\/numar\/sala-de-imprensa\/maringa-pr-sediara-simposio-criacionista-com-participacao-de-cientistas\/","url":"https:\/\/scb.org.br\/numar\/sala-de-imprensa\/maringa-pr-sediara-simposio-criacionista-com-participacao-de-cientistas\/","name":"Maring\u00e1-PR sediar\u00e1 simp\u00f3sio criacionista com participa\u00e7\u00e3o de cientistas - NUMAR-SCB","isPartOf":{"@id":"https:\/\/scb.org.br\/numar\/#website"},"primaryImageOfPage":{"@id":"https:\/\/scb.org.br\/numar\/sala-de-imprensa\/maringa-pr-sediara-simposio-criacionista-com-participacao-de-cientistas\/#primaryimage"},"image":{"@id":"https:\/\/scb.org.br\/numar\/sala-de-imprensa\/maringa-pr-sediara-simposio-criacionista-com-participacao-de-cientistas\/#primaryimage"},"thumbnailUrl":"https:\/\/scb.org.br\/numar\/wp-content\/uploads\/sites\/6\/2017\/05\/CARTAZ-NUMAR-1.jpg","datePublished":"2017-05-15T13:33:59+00:00","breadcrumb":{"@id":"https:\/\/scb.org.br\/numar\/sala-de-imprensa\/maringa-pr-sediara-simposio-criacionista-com-participacao-de-cientistas\/#breadcrumb"},"inLanguage":"pt-BR","potentialAction":[{"@type":"ReadAction","target":["https:\/\/scb.org.br\/numar\/sala-de-imprensa\/maringa-pr-sediara-simposio-criacionista-com-participacao-de-cientistas\/"]}]},{"@type":"ImageObject","inLanguage":"pt-BR","@id":"https:\/\/scb.org.br\/numar\/sala-de-imprensa\/maringa-pr-sediara-simposio-criacionista-com-participacao-de-cientistas\/#primaryimage","url":"https:\/\/scb.org.br\/numar\/wp-content\/uploads\/sites\/6\/2017\/05\/CARTAZ-NUMAR-1.jpg","contentUrl":"https:\/\/scb.org.br\/numar\/wp-content\/uploads\/sites\/6\/2017\/05\/CARTAZ-NUMAR-1.jpg","width":2492,"height":1191},{"@type":"BreadcrumbList","@id":"https:\/\/scb.org.br\/numar\/sala-de-imprensa\/maringa-pr-sediara-simposio-criacionista-com-participacao-de-cientistas\/#breadcrumb","itemListElement":[{"@type":"ListItem","position":1,"name":"P\u00e1gina Inicial","item":"https:\/\/scb.org.br\/numar\/"},{"@type":"ListItem","position":2,"name":"Maring\u00e1-PR sediar\u00e1 simp\u00f3sio criacionista com participa\u00e7\u00e3o de cientistas"}]},{"@type":"WebSite","@id":"https:\/\/scb.org.br\/numar\/#website","url":"https:\/\/scb.org.br\/numar\/","name":"NUMAR-SCB","description":"N\u00facleo Maringaense da Sociedade Criacionista Brasileira","publisher":{"@id":"https:\/\/scb.org.br\/numar\/#organization"},"potentialAction":[{"@type":"SearchAction","target":{"@type":"EntryPoint","urlTemplate":"https:\/\/scb.org.br\/numar\/?s={search_term_string}"},"query-input":{"@type":"PropertyValueSpecification","valueRequired":true,"valueName":"search_term_string"}}],"inLanguage":"pt-BR"},{"@type":"Organization","@id":"https:\/\/scb.org.br\/numar\/#organization","name":"NUMAR-SCB - N\u00facleo Maringaense da Sociedade Criacionista Brasileira","url":"https:\/\/scb.org.br\/numar\/","logo":{"@type":"ImageObject","inLanguage":"pt-BR","@id":"https:\/\/scb.org.br\/numar\/#\/schema\/logo\/image\/","url":"https:\/\/scb.org.br\/numar\/wp-content\/uploads\/sites\/6\/2020\/05\/logo-1.png","contentUrl":"https:\/\/scb.org.br\/numar\/wp-content\/uploads\/sites\/6\/2020\/05\/logo-1.png","width":248,"height":263,"caption":"NUMAR-SCB - N\u00facleo Maringaense da Sociedade Criacionista Brasileira"},"image":{"@id":"https:\/\/scb.org.br\/numar\/#\/schema\/logo\/image\/"}},{"@type":"Person","@id":"https:\/\/scb.org.br\/numar\/#\/schema\/person\/f14bf877dc92f48d139ecf49bf826b34","name":"EVERTON ALVES","image":{"@type":"ImageObject","inLanguage":"pt-BR","@id":"https:\/\/secure.gravatar.com\/avatar\/c9a9bf529febf0ba61bcb34fd09f5f8c76479b3d94ea42f1d132d3146c565d6d?s=96&d=mm&r=gd8285a1978137b6d04f6fd7d798b5297","url":"https:\/\/secure.gravatar.com\/avatar\/c9a9bf529febf0ba61bcb34fd09f5f8c76479b3d94ea42f1d132d3146c565d6d?s=96&d=mm&r=g","contentUrl":"https:\/\/secure.gravatar.com\/avatar\/c9a9bf529febf0ba61bcb34fd09f5f8c76479b3d94ea42f1d132d3146c565d6d?s=96&d=mm&r=g","caption":"EVERTON ALVES"}}]}},"authors":[],"_links":{"self":[{"href":"https:\/\/scb.org.br\/numar\/wp-json\/wp\/v2\/posts\/1177","targetHints":{"allow":["GET"]}}],"collection":[{"href":"https:\/\/scb.org.br\/numar\/wp-json\/wp\/v2\/posts"}],"about":[{"href":"https:\/\/scb.org.br\/numar\/wp-json\/wp\/v2\/types\/post"}],"author":[{"embeddable":true,"href":"https:\/\/scb.org.br\/numar\/wp-json\/wp\/v2\/users\/2171"}],"replies":[{"embeddable":true,"href":"https:\/\/scb.org.br\/numar\/wp-json\/wp\/v2\/comments?post=1177"}],"version-history":[{"count":0,"href":"https:\/\/scb.org.br\/numar\/wp-json\/wp\/v2\/posts\/1177\/revisions"}],"wp:featuredmedia":[{"embeddable":true,"href":"https:\/\/scb.org.br\/numar\/wp-json\/wp\/v2\/media\/1197"}],"wp:attachment":[{"href":"https:\/\/scb.org.br\/numar\/wp-json\/wp\/v2\/media?parent=1177"}],"wp:term":[{"taxonomy":"category","embeddable":true,"href":"https:\/\/scb.org.br\/numar\/wp-json\/wp\/v2\/categories?post=1177"},{"taxonomy":"post_tag","embeddable":true,"href":"https:\/\/scb.org.br\/numar\/wp-json\/wp\/v2\/tags?post=1177"}],"curies":[{"name":"wp","href":"https:\/\/api.w.org\/{rel}","templated":true}]}}